{"id":15045,"date":"2016-08-01T12:24:42","date_gmt":"2016-08-01T10:24:42","guid":{"rendered":"https:\/\/www.lavillak.com\/neuigkeiten\/sanfte-haarentfernung-im-spa-von-la-villa-k\/"},"modified":"2021-05-28T16:47:47","modified_gmt":"2021-05-28T14:47:47","slug":"sanfte-haarentfernung-im-spa-von-la-villa-k","status":"publish","type":"post","link":"https:\/\/www.lavillak.com\/de\/neuigkeiten\/sanfte-haarentfernung-im-spa-von-la-villa-k\/","title":{"rendered":"Sanfte Haarentfernung im Spa von La Villa K"},"content":{"rendered":"<p><!-- flzn:zn_pagebanner --><\/p>\n<header id=\"flzn-pagebanner-1\" class=\"zone zn-pagebanner with-bg bg-color is-bgc-white\"><span class=\"zone-bg bg-color bgc-white alignfull\"><\/span><\/p>\n<div class=\"zone-block zn-pagebanner-block alignfull va-top\"><\/div>\n<\/header>\n<p><!-- \/flzn:zn_pagebanner --><br \/>\n<!-- flzn:zn_text --><\/p>\n<div id=\"flzn-text-1\" class=\"zone zn-text\">\n<div class=\"zone-block zn-text-block va-top\">\n<div class=\"row mw-content-zone\">\n<div class=\"columns large-12\">\n<div class=\"row large-up-1 with-nice-alignment nbloc-1\">\n<div class=\"column zn-text-col\">\n<div class=\"column-inner\">\n<div class=\"wig-content mw-content\">\n<p><img decoding=\"async\" loading=\"lazy\" class=\"aligncenter size-large wp-image-2885\" src=\"https:\/\/www.lavillak.com\/wp-inside\/uploads\/2016\/06\/Fotolia_102563958_S-800x534.jpg\" alt=\"Beautician Waxing Woman's Leg In Spa\" width=\"800\" height=\"534\" \/><\/p>\n<p><strong>Wenn der Sommer vor der T\u00fcr steht, g\u00f6nnen Sie sich eine sanfte Haarentfernung durch unsere erfahrenen Kosmetikerinnen!<\/strong><\/p>\n<h2>Sch\u00f6nheit auf die sanfte Art<\/h2>\n<p>Die sch\u00f6nen Tage sind endlich da! Holen Sie Ihre Kleider, Shorts und luftigen Tops aus dem Schrank und vertrauen Sie die Haarentfernung unseren professionellen Kosmetikerinnen an!<\/p>\n<p>Schenken Sie dem Team vom Spa der La Villa K**** Ihr Vertrauen und lernen Sie <strong>die Qualit\u00e4t<\/strong> und den <strong>Komfort<\/strong> unserer Behandlungen kennen. Wir garantieren Ihnen <strong>eine sanfte Haarentfernung und weiche Haut innerhalb weniger Minuten.<\/strong><\/p>\n<p>Warten Sie nicht l\u00e4nger und lassen Sie eine Haarentfernung machen: Vereinbaren Sie einen Termin, damit Sie bereit sind f\u00fcr den Sommer!<\/p>\n<h2>Nach der Haarentfernung bleibt Zeit f\u00fcr eine entspannende Pflegebehandlung<\/h2>\n<p>Lassen Sie sich im Anschluss noch mit einer unserer entspannenden Pflegebehandlungen verw\u00f6hnen. G\u00f6nnen Sie sich einen<strong> Wohlf\u00fchlmoment<\/strong> mit unseren <strong>K\u00f6rperpflegeritualen, Massagen, K\u00f6rperpeelings, Hand- und Fu\u00dfbehandlungen<\/strong>\u2026<\/p>\n<p>Entspannen Sie sich und g\u00f6nnen Sie K\u00f6rper und Geist <strong>eine Pause vom Alltag<\/strong>. Unsere erfahrenen Kosmetikerinnen k\u00fcmmern sich um Sie: Sie schicken Sie auf eine Reise und sorgen f\u00fcr Wohlf\u00fchlmomente <strong>in einem au\u00dfergew\u00f6hnlichen Ambiente<\/strong>.<\/p>\n<p>Entdecken Sie <a href=\"https:\/\/www.lavillak.com\/wp-inside\/uploads\/2021\/05\/livret-spa_printemps-ete_2021-2.pdf\" target=\"_blank\" rel=\"noopener\">unsere Pflegekarte<\/a>\u00a0!<\/p>\n<p><strong>La Villa K H\u00f4tel et Spa\u2013 1 Rue de Lectoure 68300 Saint-Louis (Elsass).<\/strong><strong><br \/>\n<strong>N\u00e4he. EuroAirport, Basel, Altkirch, Mulhouse.<\/strong><\/strong><\/p>\n<p><strong>Tel: 03 89 70 93 40<\/strong><\/p>\n<\/p><\/div>\n<\/p><\/div>\n<\/p><\/div>\n<\/p><\/div>\n<\/p><\/div>\n<\/p><\/div>\n<\/div>\n<\/div>\n<p><!-- \/flzn:zn_text --><\/p>\n","protected":false},"excerpt":{"rendered":"<p>Wenn der Sommer vor der T\u00fcr steht, g\u00f6nnen Sie sich eine sanfte Haarentfernung durch unsere erfahrenen Kosmetikerinnen! Sch\u00f6nheit auf die sanfte Art Die sch\u00f6nen Tage sind endlich da! Holen Sie [&hellip;]<\/p>\n","protected":false},"author":3,"featured_media":11362,"comment_status":"closed","ping_status":"closed","sticky":false,"template":"","format":"standard","meta":{"_acf_changed":false,"footnotes":""},"categories":[2],"tags":[],"class_list":["post-15045","post","type-post","status-publish","format-standard","has-post-thumbnail","hentry","category-neuigkeiten","wp-sticky"],"acf":[],"yoast_head":"<!-- This site is optimized with the Yoast SEO plugin v27.5 - https:\/\/yoast.com\/product\/yoast-seo-wordpress\/ -->\n<title>Sanfte Haarentfernung im Spa von La Villa K<\/title>\n<meta name=\"robots\" content=\"index, follow, max-snippet:-1, max-image-preview:large, max-video-preview:-1\" \/>\n<link rel=\"canonical\" href=\"https:\/\/www.lavillak.com\/de\/neuigkeiten\/sanfte-haarentfernung-im-spa-von-la-villa-k\/\" \/>\n<meta property=\"og:locale\" content=\"de_DE\" \/>\n<meta property=\"og:type\" content=\"article\" \/>\n<meta property=\"og:title\" content=\"Sanfte Haarentfernung im Spa von La Villa K\" \/>\n<meta property=\"og:description\" content=\"Wenn der Sommer vor der T\u00fcr steht, g\u00f6nnen Sie sich eine sanfte Haarentfernung durch unsere erfahrenen Kosmetikerinnen! Sch\u00f6nheit auf die sanfte Art Die sch\u00f6nen Tage sind endlich da! Holen Sie [&hellip;]\" \/>\n<meta property=\"og:url\" content=\"https:\/\/www.lavillak.com\/de\/neuigkeiten\/sanfte-haarentfernung-im-spa-von-la-villa-k\/\" \/>\n<meta property=\"og:site_name\" content=\"La Villa K\" \/>\n<meta property=\"article:publisher\" content=\"https:\/\/www.facebook.com\/lavillak\/\" \/>\n<meta property=\"article:published_time\" content=\"2016-08-01T10:24:42+00:00\" \/>\n<meta property=\"article:modified_time\" content=\"2021-05-28T14:47:47+00:00\" \/>\n<meta property=\"og:image\" content=\"https:\/\/www.lavillak.com\/wp-inside\/uploads\/2021\/05\/fotolia_102563958_s.jpg\" \/>\n\t<meta property=\"og:image:width\" content=\"848\" \/>\n\t<meta property=\"og:image:height\" content=\"566\" \/>\n\t<meta property=\"og:image:type\" content=\"image\/jpeg\" \/>\n<meta name=\"author\" content=\"Premi\u00e8re Place\" \/>\n<meta name=\"twitter:card\" content=\"summary_large_image\" \/>\n<meta name=\"twitter:label1\" content=\"Verfasst von\" \/>\n\t<meta name=\"twitter:data1\" content=\"Premi\u00e8re Place\" \/>\n\t<meta name=\"twitter:label2\" content=\"Gesch\u00e4tzte Lesezeit\" \/>\n\t<meta name=\"twitter:data2\" content=\"1\u00a0Minute\" \/>\n<script type=\"application\/ld+json\" class=\"yoast-schema-graph\">{\"@context\":\"https:\\\/\\\/schema.org\",\"@graph\":[{\"@type\":\"NewsArticle\",\"@id\":\"https:\\\/\\\/www.lavillak.com\\\/de\\\/neuigkeiten\\\/sanfte-haarentfernung-im-spa-von-la-villa-k\\\/#article\",\"isPartOf\":{\"@id\":\"https:\\\/\\\/www.lavillak.com\\\/de\\\/neuigkeiten\\\/sanfte-haarentfernung-im-spa-von-la-villa-k\\\/\"},\"author\":{\"name\":\"Premi\u00e8re Place\",\"@id\":\"https:\\\/\\\/www.lavillak.com\\\/de\\\/#\\\/schema\\\/person\\\/93fc73edf32dc09895c36035d9bb7956\"},\"headline\":\"Sanfte Haarentfernung im Spa von La Villa K\",\"datePublished\":\"2016-08-01T10:24:42+00:00\",\"dateModified\":\"2021-05-28T14:47:47+00:00\",\"mainEntityOfPage\":{\"@id\":\"https:\\\/\\\/www.lavillak.com\\\/de\\\/neuigkeiten\\\/sanfte-haarentfernung-im-spa-von-la-villa-k\\\/\"},\"wordCount\":224,\"publisher\":{\"@id\":\"https:\\\/\\\/www.lavillak.com\\\/de\\\/#organization\"},\"image\":{\"@id\":\"https:\\\/\\\/www.lavillak.com\\\/de\\\/neuigkeiten\\\/sanfte-haarentfernung-im-spa-von-la-villa-k\\\/#primaryimage\"},\"thumbnailUrl\":\"https:\\\/\\\/www.lavillak.com\\\/wp-inside\\\/uploads\\\/2021\\\/05\\\/fotolia_102563958_s.jpg\",\"articleSection\":[\"Neuigkeiten\"],\"inLanguage\":\"de\"},{\"@type\":\"WebPage\",\"@id\":\"https:\\\/\\\/www.lavillak.com\\\/de\\\/neuigkeiten\\\/sanfte-haarentfernung-im-spa-von-la-villa-k\\\/\",\"url\":\"https:\\\/\\\/www.lavillak.com\\\/de\\\/neuigkeiten\\\/sanfte-haarentfernung-im-spa-von-la-villa-k\\\/\",\"name\":\"Sanfte Haarentfernung im Spa von La Villa K\",\"isPartOf\":{\"@id\":\"https:\\\/\\\/www.lavillak.com\\\/de\\\/#website\"},\"primaryImageOfPage\":{\"@id\":\"https:\\\/\\\/www.lavillak.com\\\/de\\\/neuigkeiten\\\/sanfte-haarentfernung-im-spa-von-la-villa-k\\\/#primaryimage\"},\"image\":{\"@id\":\"https:\\\/\\\/www.lavillak.com\\\/de\\\/neuigkeiten\\\/sanfte-haarentfernung-im-spa-von-la-villa-k\\\/#primaryimage\"},\"thumbnailUrl\":\"https:\\\/\\\/www.lavillak.com\\\/wp-inside\\\/uploads\\\/2021\\\/05\\\/fotolia_102563958_s.jpg\",\"datePublished\":\"2016-08-01T10:24:42+00:00\",\"dateModified\":\"2021-05-28T14:47:47+00:00\",\"breadcrumb\":{\"@id\":\"https:\\\/\\\/www.lavillak.com\\\/de\\\/neuigkeiten\\\/sanfte-haarentfernung-im-spa-von-la-villa-k\\\/#breadcrumb\"},\"inLanguage\":\"de\",\"potentialAction\":[{\"@type\":\"ReadAction\",\"target\":[\"https:\\\/\\\/www.lavillak.com\\\/de\\\/neuigkeiten\\\/sanfte-haarentfernung-im-spa-von-la-villa-k\\\/\"]}]},{\"@type\":\"ImageObject\",\"inLanguage\":\"de\",\"@id\":\"https:\\\/\\\/www.lavillak.com\\\/de\\\/neuigkeiten\\\/sanfte-haarentfernung-im-spa-von-la-villa-k\\\/#primaryimage\",\"url\":\"https:\\\/\\\/www.lavillak.com\\\/wp-inside\\\/uploads\\\/2021\\\/05\\\/fotolia_102563958_s.jpg\",\"contentUrl\":\"https:\\\/\\\/www.lavillak.com\\\/wp-inside\\\/uploads\\\/2021\\\/05\\\/fotolia_102563958_s.jpg\",\"width\":848,\"height\":566},{\"@type\":\"BreadcrumbList\",\"@id\":\"https:\\\/\\\/www.lavillak.com\\\/de\\\/neuigkeiten\\\/sanfte-haarentfernung-im-spa-von-la-villa-k\\\/#breadcrumb\",\"itemListElement\":[{\"@type\":\"ListItem\",\"position\":1,\"name\":\"Home\",\"item\":\"https:\\\/\\\/www.lavillak.com\\\/de\\\/\"},{\"@type\":\"ListItem\",\"position\":2,\"name\":\"Neuigkeiten\",\"item\":\"https:\\\/\\\/www.lavillak.com\\\/de\\\/neuigkeiten\\\/\"},{\"@type\":\"ListItem\",\"position\":3,\"name\":\"Sanfte Haarentfernung im Spa von La Villa K\"}]},{\"@type\":\"WebSite\",\"@id\":\"https:\\\/\\\/www.lavillak.com\\\/de\\\/#website\",\"url\":\"https:\\\/\\\/www.lavillak.com\\\/de\\\/\",\"name\":\"La Villa K\",\"description\":\"H\u00f4tel Spa Restaurant 4 \u00e9toiles\",\"publisher\":{\"@id\":\"https:\\\/\\\/www.lavillak.com\\\/de\\\/#organization\"},\"potentialAction\":[{\"@type\":\"SearchAction\",\"target\":{\"@type\":\"EntryPoint\",\"urlTemplate\":\"https:\\\/\\\/www.lavillak.com\\\/de\\\/?s={search_term_string}\"},\"query-input\":{\"@type\":\"PropertyValueSpecification\",\"valueRequired\":true,\"valueName\":\"search_term_string\"}}],\"inLanguage\":\"de\"},{\"@type\":\"Organization\",\"@id\":\"https:\\\/\\\/www.lavillak.com\\\/de\\\/#organization\",\"name\":\"La Villa K\",\"url\":\"https:\\\/\\\/www.lavillak.com\\\/de\\\/\",\"logo\":{\"@type\":\"ImageObject\",\"inLanguage\":\"de\",\"@id\":\"https:\\\/\\\/www.lavillak.com\\\/de\\\/#\\\/schema\\\/logo\\\/image\\\/\",\"url\":\"https:\\\/\\\/www.lavillak.com\\\/wp-inside\\\/uploads\\\/2021\\\/05\\\/logo-hotel-lavillak-230x144_2x.png\",\"contentUrl\":\"https:\\\/\\\/www.lavillak.com\\\/wp-inside\\\/uploads\\\/2021\\\/05\\\/logo-hotel-lavillak-230x144_2x.png\",\"width\":460,\"height\":288,\"caption\":\"La Villa K\"},\"image\":{\"@id\":\"https:\\\/\\\/www.lavillak.com\\\/de\\\/#\\\/schema\\\/logo\\\/image\\\/\"},\"sameAs\":[\"https:\\\/\\\/www.facebook.com\\\/lavillak\\\/\",\"https:\\\/\\\/www.instagram.com\\\/hotellavillak\\\/\",\"https:\\\/\\\/fr.pinterest.com\\\/hotellavillaket\\\/\"]},{\"@type\":\"Person\",\"@id\":\"https:\\\/\\\/www.lavillak.com\\\/de\\\/#\\\/schema\\\/person\\\/93fc73edf32dc09895c36035d9bb7956\",\"name\":\"Premi\u00e8re Place\",\"image\":{\"@type\":\"ImageObject\",\"inLanguage\":\"de\",\"@id\":\"https:\\\/\\\/secure.gravatar.com\\\/avatar\\\/5091af20ac2a44cb521992f13fec8a09deb308a5b721983dec39b595a5302c6a?s=96&d=mm&r=g\",\"url\":\"https:\\\/\\\/secure.gravatar.com\\\/avatar\\\/5091af20ac2a44cb521992f13fec8a09deb308a5b721983dec39b595a5302c6a?s=96&d=mm&r=g\",\"contentUrl\":\"https:\\\/\\\/secure.gravatar.com\\\/avatar\\\/5091af20ac2a44cb521992f13fec8a09deb308a5b721983dec39b595a5302c6a?s=96&d=mm&r=g\",\"caption\":\"Premi\u00e8re Place\"}}]}<\/script>\n<!-- \/ Yoast SEO plugin. -->","yoast_head_json":{"title":"Sanfte Haarentfernung im Spa von La Villa K","robots":{"index":"index","follow":"follow","max-snippet":"max-snippet:-1","max-image-preview":"max-image-preview:large","max-video-preview":"max-video-preview:-1"},"canonical":"https:\/\/www.lavillak.com\/de\/neuigkeiten\/sanfte-haarentfernung-im-spa-von-la-villa-k\/","og_locale":"de_DE","og_type":"article","og_title":"Sanfte Haarentfernung im Spa von La Villa K","og_description":"Wenn der Sommer vor der T\u00fcr steht, g\u00f6nnen Sie sich eine sanfte Haarentfernung durch unsere erfahrenen Kosmetikerinnen! Sch\u00f6nheit auf die sanfte Art Die sch\u00f6nen Tage sind endlich da! Holen Sie [&hellip;]","og_url":"https:\/\/www.lavillak.com\/de\/neuigkeiten\/sanfte-haarentfernung-im-spa-von-la-villa-k\/","og_site_name":"La Villa K","article_publisher":"https:\/\/www.facebook.com\/lavillak\/","article_published_time":"2016-08-01T10:24:42+00:00","article_modified_time":"2021-05-28T14:47:47+00:00","og_image":[{"width":848,"height":566,"url":"https:\/\/www.lavillak.com\/wp-inside\/uploads\/2021\/05\/fotolia_102563958_s.jpg","type":"image\/jpeg"}],"author":"Premi\u00e8re Place","twitter_card":"summary_large_image","twitter_misc":{"Verfasst von":"Premi\u00e8re Place","Gesch\u00e4tzte Lesezeit":"1\u00a0Minute"},"schema":{"@context":"https:\/\/schema.org","@graph":[{"@type":"NewsArticle","@id":"https:\/\/www.lavillak.com\/de\/neuigkeiten\/sanfte-haarentfernung-im-spa-von-la-villa-k\/#article","isPartOf":{"@id":"https:\/\/www.lavillak.com\/de\/neuigkeiten\/sanfte-haarentfernung-im-spa-von-la-villa-k\/"},"author":{"name":"Premi\u00e8re Place","@id":"https:\/\/www.lavillak.com\/de\/#\/schema\/person\/93fc73edf32dc09895c36035d9bb7956"},"headline":"Sanfte Haarentfernung im Spa von La Villa K","datePublished":"2016-08-01T10:24:42+00:00","dateModified":"2021-05-28T14:47:47+00:00","mainEntityOfPage":{"@id":"https:\/\/www.lavillak.com\/de\/neuigkeiten\/sanfte-haarentfernung-im-spa-von-la-villa-k\/"},"wordCount":224,"publisher":{"@id":"https:\/\/www.lavillak.com\/de\/#organization"},"image":{"@id":"https:\/\/www.lavillak.com\/de\/neuigkeiten\/sanfte-haarentfernung-im-spa-von-la-villa-k\/#primaryimage"},"thumbnailUrl":"https:\/\/www.lavillak.com\/wp-inside\/uploads\/2021\/05\/fotolia_102563958_s.jpg","articleSection":["Neuigkeiten"],"inLanguage":"de"},{"@type":"WebPage","@id":"https:\/\/www.lavillak.com\/de\/neuigkeiten\/sanfte-haarentfernung-im-spa-von-la-villa-k\/","url":"https:\/\/www.lavillak.com\/de\/neuigkeiten\/sanfte-haarentfernung-im-spa-von-la-villa-k\/","name":"Sanfte Haarentfernung im Spa von La Villa K","isPartOf":{"@id":"https:\/\/www.lavillak.com\/de\/#website"},"primaryImageOfPage":{"@id":"https:\/\/www.lavillak.com\/de\/neuigkeiten\/sanfte-haarentfernung-im-spa-von-la-villa-k\/#primaryimage"},"image":{"@id":"https:\/\/www.lavillak.com\/de\/neuigkeiten\/sanfte-haarentfernung-im-spa-von-la-villa-k\/#primaryimage"},"thumbnailUrl":"https:\/\/www.lavillak.com\/wp-inside\/uploads\/2021\/05\/fotolia_102563958_s.jpg","datePublished":"2016-08-01T10:24:42+00:00","dateModified":"2021-05-28T14:47:47+00:00","breadcrumb":{"@id":"https:\/\/www.lavillak.com\/de\/neuigkeiten\/sanfte-haarentfernung-im-spa-von-la-villa-k\/#breadcrumb"},"inLanguage":"de","potentialAction":[{"@type":"ReadAction","target":["https:\/\/www.lavillak.com\/de\/neuigkeiten\/sanfte-haarentfernung-im-spa-von-la-villa-k\/"]}]},{"@type":"ImageObject","inLanguage":"de","@id":"https:\/\/www.lavillak.com\/de\/neuigkeiten\/sanfte-haarentfernung-im-spa-von-la-villa-k\/#primaryimage","url":"https:\/\/www.lavillak.com\/wp-inside\/uploads\/2021\/05\/fotolia_102563958_s.jpg","contentUrl":"https:\/\/www.lavillak.com\/wp-inside\/uploads\/2021\/05\/fotolia_102563958_s.jpg","width":848,"height":566},{"@type":"BreadcrumbList","@id":"https:\/\/www.lavillak.com\/de\/neuigkeiten\/sanfte-haarentfernung-im-spa-von-la-villa-k\/#breadcrumb","itemListElement":[{"@type":"ListItem","position":1,"name":"Home","item":"https:\/\/www.lavillak.com\/de\/"},{"@type":"ListItem","position":2,"name":"Neuigkeiten","item":"https:\/\/www.lavillak.com\/de\/neuigkeiten\/"},{"@type":"ListItem","position":3,"name":"Sanfte Haarentfernung im Spa von La Villa K"}]},{"@type":"WebSite","@id":"https:\/\/www.lavillak.com\/de\/#website","url":"https:\/\/www.lavillak.com\/de\/","name":"La Villa K","description":"H\u00f4tel Spa Restaurant 4 \u00e9toiles","publisher":{"@id":"https:\/\/www.lavillak.com\/de\/#organization"},"potentialAction":[{"@type":"SearchAction","target":{"@type":"EntryPoint","urlTemplate":"https:\/\/www.lavillak.com\/de\/?s={search_term_string}"},"query-input":{"@type":"PropertyValueSpecification","valueRequired":true,"valueName":"search_term_string"}}],"inLanguage":"de"},{"@type":"Organization","@id":"https:\/\/www.lavillak.com\/de\/#organization","name":"La Villa K","url":"https:\/\/www.lavillak.com\/de\/","logo":{"@type":"ImageObject","inLanguage":"de","@id":"https:\/\/www.lavillak.com\/de\/#\/schema\/logo\/image\/","url":"https:\/\/www.lavillak.com\/wp-inside\/uploads\/2021\/05\/logo-hotel-lavillak-230x144_2x.png","contentUrl":"https:\/\/www.lavillak.com\/wp-inside\/uploads\/2021\/05\/logo-hotel-lavillak-230x144_2x.png","width":460,"height":288,"caption":"La Villa K"},"image":{"@id":"https:\/\/www.lavillak.com\/de\/#\/schema\/logo\/image\/"},"sameAs":["https:\/\/www.facebook.com\/lavillak\/","https:\/\/www.instagram.com\/hotellavillak\/","https:\/\/fr.pinterest.com\/hotellavillaket\/"]},{"@type":"Person","@id":"https:\/\/www.lavillak.com\/de\/#\/schema\/person\/93fc73edf32dc09895c36035d9bb7956","name":"Premi\u00e8re Place","image":{"@type":"ImageObject","inLanguage":"de","@id":"https:\/\/secure.gravatar.com\/avatar\/5091af20ac2a44cb521992f13fec8a09deb308a5b721983dec39b595a5302c6a?s=96&d=mm&r=g","url":"https:\/\/secure.gravatar.com\/avatar\/5091af20ac2a44cb521992f13fec8a09deb308a5b721983dec39b595a5302c6a?s=96&d=mm&r=g","contentUrl":"https:\/\/secure.gravatar.com\/avatar\/5091af20ac2a44cb521992f13fec8a09deb308a5b721983dec39b595a5302c6a?s=96&d=mm&r=g","caption":"Premi\u00e8re Place"}}]}},"_links":{"self":[{"href":"https:\/\/www.lavillak.com\/de\/wp-json\/wp\/v2\/posts\/15045","targetHints":{"allow":["GET"]}}],"collection":[{"href":"https:\/\/www.lavillak.com\/de\/wp-json\/wp\/v2\/posts"}],"about":[{"href":"https:\/\/www.lavillak.com\/de\/wp-json\/wp\/v2\/types\/post"}],"author":[{"embeddable":true,"href":"https:\/\/www.lavillak.com\/de\/wp-json\/wp\/v2\/users\/3"}],"replies":[{"embeddable":true,"href":"https:\/\/www.lavillak.com\/de\/wp-json\/wp\/v2\/comments?post=15045"}],"version-history":[{"count":2,"href":"https:\/\/www.lavillak.com\/de\/wp-json\/wp\/v2\/posts\/15045\/revisions"}],"predecessor-version":[{"id":16405,"href":"https:\/\/www.lavillak.com\/de\/wp-json\/wp\/v2\/posts\/15045\/revisions\/16405"}],"wp:featuredmedia":[{"embeddable":true,"href":"https:\/\/www.lavillak.com\/de\/wp-json\/wp\/v2\/media\/11362"}],"wp:attachment":[{"href":"https:\/\/www.lavillak.com\/de\/wp-json\/wp\/v2\/media?parent=15045"}],"wp:term":[{"taxonomy":"category","embeddable":true,"href":"https:\/\/www.lavillak.com\/de\/wp-json\/wp\/v2\/categories?post=15045"},{"taxonomy":"post_tag","embeddable":true,"href":"https:\/\/www.lavillak.com\/de\/wp-json\/wp\/v2\/tags?post=15045"}],"curies":[{"name":"wp","href":"https:\/\/api.w.org\/{rel}","templated":true}]}}