{"id":15048,"date":"2016-08-02T10:21:15","date_gmt":"2016-08-02T08:21:15","guid":{"rendered":"https:\/\/www.lavillak.com\/neuigkeiten\/after-work-an-jedem-donnerstag-im-spa-10-auf-die-pflegekarte\/"},"modified":"2021-05-28T16:07:11","modified_gmt":"2021-05-28T14:07:11","slug":"after-work-an-jedem-donnerstag-im-spa-10-auf-die-pflegekarte","status":"publish","type":"post","link":"https:\/\/www.lavillak.com\/de\/neuigkeiten\/after-work-an-jedem-donnerstag-im-spa-10-auf-die-pflegekarte\/","title":{"rendered":"After Work an jedem Donnerstag im Spa : -10% auf die Pflegekarte"},"content":{"rendered":"<p><!-- flzn:zn_pagebanner --><\/p>\n<header id=\"flzn-pagebanner-1\" class=\"zone zn-pagebanner with-bg bg-color is-bgc-white\"><span class=\"zone-bg bg-color bgc-white alignfull\"><\/span><\/p>\n<div class=\"zone-block zn-pagebanner-block alignfull va-top\"><\/div>\n<\/header>\n<p><!-- \/flzn:zn_pagebanner --><br \/>\n<!-- flzn:zn_text --><\/p>\n<div id=\"flzn-text-1\" class=\"zone zn-text\">\n<div class=\"zone-block zn-text-block va-top\">\n<div class=\"row mw-content-zone\">\n<div class=\"columns large-12\">\n<div class=\"row large-up-1 with-nice-alignment nbloc-1\">\n<div class=\"column zn-text-col\">\n<div class=\"column-inner\">\n<div class=\"wig-content mw-content\">\n<p><img decoding=\"async\" loading=\"lazy\" class=\"aligncenter size-large wp-image-2267\" src=\"https:\/\/www.lavillak.com\/wp-inside\/uploads\/2016\/03\/spa-villa-k-haut-rhin-saint-louis-800x531.jpg\" alt=\"spa basel\" width=\"800\" height=\"531\" \/><\/p>\n<p><strong><span lang=\"DE\">Jeden Donnerstag freuen wir uns auf Ihren Besuch im Spa von La Villa K\u00a0zum After Work ganz im Zeichen von Entspannung!<\/span><\/strong><\/p>\n<h2><span lang=\"DE\">After Work : Entspannung nach der Arbeit<\/span><\/h2>\n<p><strong><span lang=\"DE\">Jeden Donnerstag von 16h bis 21h<\/span><\/strong><span lang=\"DE\">, l\u00e4dt unser Spa Sie zu After Work mit 100 % Entspannung ein. Einen ganzen Abend lang Entspannung f\u00fcr Geist und Sinne. Auf dem Programm stehen: Pflegerituale aus aller Welt, Wohlf\u00fchlmassagen, Peelings und Pflegepackungen aus aller Welt sowie zahlreiche Gesichtsbehandlungen.<\/span><\/p>\n<p><span lang=\"DE\">Unser Expertenteam bietet Ihnen hervorragende kosmetische Behandlungen, die aus der ganzen Welt inspiriert sind. Unsere Pflegeprodukte wurden wegen ihrer beruhigenden Eigenschaften und edlen Wohlger\u00fcchen ausgew\u00e4hlt. Die berauschende W\u00e4rme von Honig, Zimt und Argan\u00f6l, das edle Parf\u00fcm von Orangenbl\u00fcten und Jasmin bet\u00f6ren Ihre Sinne.<\/span><\/p>\n<p><span lang=\"DE\"><a href=\"https:\/\/www.lavillak.com\/de\/packages\/\">Entdecken Sie unsere Pflegebehandlungen<\/a> und profitieren Sie <strong>von -10% auf die gesamte Karte<\/strong> (Zutritt zum Spa nicht inbegriffen) bei den After Work!<\/span><\/p>\n<p><strong><span lang=\"DE\">Jeden Donnerstag von 16h bis 21h<\/span><\/strong><span lang=\"DE\"> im Spa der la Villa K \u2013 1 Rue de Lectoure 68300 Saint-Louis (5 Minuten von Basel, Schweiz, entfernt und ganz in der N\u00e4he von Huningue, H\u00e9genheim\u00a0, Buschwiller, Village-Neuf, Bartenheim und Sierentz).<\/span><\/p>\n<p><strong><span lang=\"DE\">Reservationen unter 03 89 70 93 40<\/span><\/strong><\/p>\n<h2><span lang=\"DE\">Entdecken auch Sie das Spa der La Villa K<\/span><\/h2>\n<p><span lang=\"DE\">La Villa K, ein 4 Sterne Hotel, l\u00e4dt auch Sie ein, sein Spa, einen echten Zen Bereich mit raffinierten Holzvert\u00e4felungen, zu entdecken. Es verf\u00fcgt \u00fcber eine Sauna, ein Hammam und ein Jacuzzi, um Sie den Alltagsstress vergessen zu lassen.<\/span><\/p>\n<p><span lang=\"DE\">Handt\u00fccher, Badem\u00e4ntel und Badeschuhe stehen kostenlos f\u00fcr Sie bereit.<\/span><\/p>\n<p><span lang=\"DE\">Das Spa ist der ideale Ort, um das ganze Jahr \u00fcber, besonders nach der Arbeit, neue Kr\u00e4fte zu tanken (entdecken Sie unsere Happy Hour, w\u00e4hrend der Sie jeden Mittwoch reduzierten Eintritt in das Spa erhalten).<\/span><\/p>\n<\/p><\/div>\n<\/p><\/div>\n<\/p><\/div>\n<\/p><\/div>\n<\/p><\/div>\n<\/p><\/div>\n<\/div>\n<\/div>\n<p><!-- \/flzn:zn_text --><\/p>\n","protected":false},"excerpt":{"rendered":"<p>Jeden Donnerstag freuen wir uns auf Ihren Besuch im Spa von La Villa K\u00a0zum After Work ganz im Zeichen von Entspannung! After Work : Entspannung nach der Arbeit Jeden Donnerstag [&hellip;]<\/p>\n","protected":false},"author":3,"featured_media":15049,"comment_status":"closed","ping_status":"closed","sticky":false,"template":"","format":"standard","meta":{"_acf_changed":false,"footnotes":""},"categories":[2],"tags":[],"class_list":["post-15048","post","type-post","status-publish","format-standard","has-post-thumbnail","hentry","category-neuigkeiten","wp-sticky"],"acf":[],"yoast_head":"<!-- This site is optimized with the Yoast SEO plugin v27.5 - https:\/\/yoast.com\/product\/yoast-seo-wordpress\/ -->\n<title>After Work an jedem Donnerstag im Spa : -10% auf die Pflegekarte<\/title>\n<meta name=\"robots\" content=\"index, follow, max-snippet:-1, max-image-preview:large, max-video-preview:-1\" \/>\n<link rel=\"canonical\" href=\"https:\/\/www.lavillak.com\/de\/neuigkeiten\/after-work-an-jedem-donnerstag-im-spa-10-auf-die-pflegekarte\/\" \/>\n<meta property=\"og:locale\" content=\"de_DE\" \/>\n<meta property=\"og:type\" content=\"article\" \/>\n<meta property=\"og:title\" content=\"After Work an jedem Donnerstag im Spa : -10% auf die Pflegekarte\" \/>\n<meta property=\"og:description\" content=\"Jeden Donnerstag freuen wir uns auf Ihren Besuch im Spa von La Villa K\u00a0zum After Work ganz im Zeichen von Entspannung! After Work : Entspannung nach der Arbeit Jeden Donnerstag [&hellip;]\" \/>\n<meta property=\"og:url\" content=\"https:\/\/www.lavillak.com\/de\/neuigkeiten\/after-work-an-jedem-donnerstag-im-spa-10-auf-die-pflegekarte\/\" \/>\n<meta property=\"og:site_name\" content=\"La Villa K\" \/>\n<meta property=\"article:publisher\" content=\"https:\/\/www.facebook.com\/lavillak\/\" \/>\n<meta property=\"article:published_time\" content=\"2016-08-02T08:21:15+00:00\" \/>\n<meta property=\"article:modified_time\" content=\"2021-05-28T14:07:11+00:00\" \/>\n<meta property=\"og:image\" content=\"https:\/\/www.lavillak.com\/wp-inside\/uploads\/2021\/05\/spa-villa-k-haut-rhin-enterrement-vie-jeune-fille.jpg\" \/>\n\t<meta property=\"og:image:width\" content=\"1193\" \/>\n\t<meta property=\"og:image:height\" content=\"792\" \/>\n\t<meta property=\"og:image:type\" content=\"image\/jpeg\" \/>\n<meta name=\"author\" content=\"Premi\u00e8re Place\" \/>\n<meta name=\"twitter:card\" content=\"summary_large_image\" \/>\n<meta name=\"twitter:label1\" content=\"Verfasst von\" \/>\n\t<meta name=\"twitter:data1\" content=\"Premi\u00e8re Place\" \/>\n\t<meta name=\"twitter:label2\" content=\"Gesch\u00e4tzte Lesezeit\" \/>\n\t<meta name=\"twitter:data2\" content=\"1\u00a0Minute\" \/>\n<script type=\"application\/ld+json\" class=\"yoast-schema-graph\">{\"@context\":\"https:\\\/\\\/schema.org\",\"@graph\":[{\"@type\":\"NewsArticle\",\"@id\":\"https:\\\/\\\/www.lavillak.com\\\/de\\\/neuigkeiten\\\/after-work-an-jedem-donnerstag-im-spa-10-auf-die-pflegekarte\\\/#article\",\"isPartOf\":{\"@id\":\"https:\\\/\\\/www.lavillak.com\\\/de\\\/neuigkeiten\\\/after-work-an-jedem-donnerstag-im-spa-10-auf-die-pflegekarte\\\/\"},\"author\":{\"name\":\"Premi\u00e8re Place\",\"@id\":\"https:\\\/\\\/www.lavillak.com\\\/de\\\/#\\\/schema\\\/person\\\/93fc73edf32dc09895c36035d9bb7956\"},\"headline\":\"After Work an jedem Donnerstag im Spa : -10% auf die Pflegekarte\",\"datePublished\":\"2016-08-02T08:21:15+00:00\",\"dateModified\":\"2021-05-28T14:07:11+00:00\",\"mainEntityOfPage\":{\"@id\":\"https:\\\/\\\/www.lavillak.com\\\/de\\\/neuigkeiten\\\/after-work-an-jedem-donnerstag-im-spa-10-auf-die-pflegekarte\\\/\"},\"wordCount\":294,\"publisher\":{\"@id\":\"https:\\\/\\\/www.lavillak.com\\\/de\\\/#organization\"},\"image\":{\"@id\":\"https:\\\/\\\/www.lavillak.com\\\/de\\\/neuigkeiten\\\/after-work-an-jedem-donnerstag-im-spa-10-auf-die-pflegekarte\\\/#primaryimage\"},\"thumbnailUrl\":\"https:\\\/\\\/www.lavillak.com\\\/wp-inside\\\/uploads\\\/2021\\\/05\\\/spa-villa-k-haut-rhin-enterrement-vie-jeune-fille.jpg\",\"articleSection\":[\"Neuigkeiten\"],\"inLanguage\":\"de\"},{\"@type\":\"WebPage\",\"@id\":\"https:\\\/\\\/www.lavillak.com\\\/de\\\/neuigkeiten\\\/after-work-an-jedem-donnerstag-im-spa-10-auf-die-pflegekarte\\\/\",\"url\":\"https:\\\/\\\/www.lavillak.com\\\/de\\\/neuigkeiten\\\/after-work-an-jedem-donnerstag-im-spa-10-auf-die-pflegekarte\\\/\",\"name\":\"After Work an jedem Donnerstag im Spa : -10% auf die Pflegekarte\",\"isPartOf\":{\"@id\":\"https:\\\/\\\/www.lavillak.com\\\/de\\\/#website\"},\"primaryImageOfPage\":{\"@id\":\"https:\\\/\\\/www.lavillak.com\\\/de\\\/neuigkeiten\\\/after-work-an-jedem-donnerstag-im-spa-10-auf-die-pflegekarte\\\/#primaryimage\"},\"image\":{\"@id\":\"https:\\\/\\\/www.lavillak.com\\\/de\\\/neuigkeiten\\\/after-work-an-jedem-donnerstag-im-spa-10-auf-die-pflegekarte\\\/#primaryimage\"},\"thumbnailUrl\":\"https:\\\/\\\/www.lavillak.com\\\/wp-inside\\\/uploads\\\/2021\\\/05\\\/spa-villa-k-haut-rhin-enterrement-vie-jeune-fille.jpg\",\"datePublished\":\"2016-08-02T08:21:15+00:00\",\"dateModified\":\"2021-05-28T14:07:11+00:00\",\"breadcrumb\":{\"@id\":\"https:\\\/\\\/www.lavillak.com\\\/de\\\/neuigkeiten\\\/after-work-an-jedem-donnerstag-im-spa-10-auf-die-pflegekarte\\\/#breadcrumb\"},\"inLanguage\":\"de\",\"potentialAction\":[{\"@type\":\"ReadAction\",\"target\":[\"https:\\\/\\\/www.lavillak.com\\\/de\\\/neuigkeiten\\\/after-work-an-jedem-donnerstag-im-spa-10-auf-die-pflegekarte\\\/\"]}]},{\"@type\":\"ImageObject\",\"inLanguage\":\"de\",\"@id\":\"https:\\\/\\\/www.lavillak.com\\\/de\\\/neuigkeiten\\\/after-work-an-jedem-donnerstag-im-spa-10-auf-die-pflegekarte\\\/#primaryimage\",\"url\":\"https:\\\/\\\/www.lavillak.com\\\/wp-inside\\\/uploads\\\/2021\\\/05\\\/spa-villa-k-haut-rhin-enterrement-vie-jeune-fille.jpg\",\"contentUrl\":\"https:\\\/\\\/www.lavillak.com\\\/wp-inside\\\/uploads\\\/2021\\\/05\\\/spa-villa-k-haut-rhin-enterrement-vie-jeune-fille.jpg\",\"width\":1193,\"height\":792},{\"@type\":\"BreadcrumbList\",\"@id\":\"https:\\\/\\\/www.lavillak.com\\\/de\\\/neuigkeiten\\\/after-work-an-jedem-donnerstag-im-spa-10-auf-die-pflegekarte\\\/#breadcrumb\",\"itemListElement\":[{\"@type\":\"ListItem\",\"position\":1,\"name\":\"Home\",\"item\":\"https:\\\/\\\/www.lavillak.com\\\/de\\\/\"},{\"@type\":\"ListItem\",\"position\":2,\"name\":\"Neuigkeiten\",\"item\":\"https:\\\/\\\/www.lavillak.com\\\/de\\\/neuigkeiten\\\/\"},{\"@type\":\"ListItem\",\"position\":3,\"name\":\"After Work an jedem Donnerstag im Spa : -10% auf die Pflegekarte\"}]},{\"@type\":\"WebSite\",\"@id\":\"https:\\\/\\\/www.lavillak.com\\\/de\\\/#website\",\"url\":\"https:\\\/\\\/www.lavillak.com\\\/de\\\/\",\"name\":\"La Villa K\",\"description\":\"H\u00f4tel Spa Restaurant 4 \u00e9toiles\",\"publisher\":{\"@id\":\"https:\\\/\\\/www.lavillak.com\\\/de\\\/#organization\"},\"potentialAction\":[{\"@type\":\"SearchAction\",\"target\":{\"@type\":\"EntryPoint\",\"urlTemplate\":\"https:\\\/\\\/www.lavillak.com\\\/de\\\/?s={search_term_string}\"},\"query-input\":{\"@type\":\"PropertyValueSpecification\",\"valueRequired\":true,\"valueName\":\"search_term_string\"}}],\"inLanguage\":\"de\"},{\"@type\":\"Organization\",\"@id\":\"https:\\\/\\\/www.lavillak.com\\\/de\\\/#organization\",\"name\":\"La Villa K\",\"url\":\"https:\\\/\\\/www.lavillak.com\\\/de\\\/\",\"logo\":{\"@type\":\"ImageObject\",\"inLanguage\":\"de\",\"@id\":\"https:\\\/\\\/www.lavillak.com\\\/de\\\/#\\\/schema\\\/logo\\\/image\\\/\",\"url\":\"https:\\\/\\\/www.lavillak.com\\\/wp-inside\\\/uploads\\\/2021\\\/05\\\/logo-hotel-lavillak-230x144_2x.png\",\"contentUrl\":\"https:\\\/\\\/www.lavillak.com\\\/wp-inside\\\/uploads\\\/2021\\\/05\\\/logo-hotel-lavillak-230x144_2x.png\",\"width\":460,\"height\":288,\"caption\":\"La Villa K\"},\"image\":{\"@id\":\"https:\\\/\\\/www.lavillak.com\\\/de\\\/#\\\/schema\\\/logo\\\/image\\\/\"},\"sameAs\":[\"https:\\\/\\\/www.facebook.com\\\/lavillak\\\/\",\"https:\\\/\\\/www.instagram.com\\\/hotellavillak\\\/\",\"https:\\\/\\\/fr.pinterest.com\\\/hotellavillaket\\\/\"]},{\"@type\":\"Person\",\"@id\":\"https:\\\/\\\/www.lavillak.com\\\/de\\\/#\\\/schema\\\/person\\\/93fc73edf32dc09895c36035d9bb7956\",\"name\":\"Premi\u00e8re Place\",\"image\":{\"@type\":\"ImageObject\",\"inLanguage\":\"de\",\"@id\":\"https:\\\/\\\/secure.gravatar.com\\\/avatar\\\/5091af20ac2a44cb521992f13fec8a09deb308a5b721983dec39b595a5302c6a?s=96&d=mm&r=g\",\"url\":\"https:\\\/\\\/secure.gravatar.com\\\/avatar\\\/5091af20ac2a44cb521992f13fec8a09deb308a5b721983dec39b595a5302c6a?s=96&d=mm&r=g\",\"contentUrl\":\"https:\\\/\\\/secure.gravatar.com\\\/avatar\\\/5091af20ac2a44cb521992f13fec8a09deb308a5b721983dec39b595a5302c6a?s=96&d=mm&r=g\",\"caption\":\"Premi\u00e8re Place\"}}]}<\/script>\n<!-- \/ Yoast SEO plugin. -->","yoast_head_json":{"title":"After Work an jedem Donnerstag im Spa : -10% auf die Pflegekarte","robots":{"index":"index","follow":"follow","max-snippet":"max-snippet:-1","max-image-preview":"max-image-preview:large","max-video-preview":"max-video-preview:-1"},"canonical":"https:\/\/www.lavillak.com\/de\/neuigkeiten\/after-work-an-jedem-donnerstag-im-spa-10-auf-die-pflegekarte\/","og_locale":"de_DE","og_type":"article","og_title":"After Work an jedem Donnerstag im Spa : -10% auf die Pflegekarte","og_description":"Jeden Donnerstag freuen wir uns auf Ihren Besuch im Spa von La Villa K\u00a0zum After Work ganz im Zeichen von Entspannung! After Work : Entspannung nach der Arbeit Jeden Donnerstag [&hellip;]","og_url":"https:\/\/www.lavillak.com\/de\/neuigkeiten\/after-work-an-jedem-donnerstag-im-spa-10-auf-die-pflegekarte\/","og_site_name":"La Villa K","article_publisher":"https:\/\/www.facebook.com\/lavillak\/","article_published_time":"2016-08-02T08:21:15+00:00","article_modified_time":"2021-05-28T14:07:11+00:00","og_image":[{"width":1193,"height":792,"url":"https:\/\/www.lavillak.com\/wp-inside\/uploads\/2021\/05\/spa-villa-k-haut-rhin-enterrement-vie-jeune-fille.jpg","type":"image\/jpeg"}],"author":"Premi\u00e8re Place","twitter_card":"summary_large_image","twitter_misc":{"Verfasst von":"Premi\u00e8re Place","Gesch\u00e4tzte Lesezeit":"1\u00a0Minute"},"schema":{"@context":"https:\/\/schema.org","@graph":[{"@type":"NewsArticle","@id":"https:\/\/www.lavillak.com\/de\/neuigkeiten\/after-work-an-jedem-donnerstag-im-spa-10-auf-die-pflegekarte\/#article","isPartOf":{"@id":"https:\/\/www.lavillak.com\/de\/neuigkeiten\/after-work-an-jedem-donnerstag-im-spa-10-auf-die-pflegekarte\/"},"author":{"name":"Premi\u00e8re Place","@id":"https:\/\/www.lavillak.com\/de\/#\/schema\/person\/93fc73edf32dc09895c36035d9bb7956"},"headline":"After Work an jedem Donnerstag im Spa : -10% auf die Pflegekarte","datePublished":"2016-08-02T08:21:15+00:00","dateModified":"2021-05-28T14:07:11+00:00","mainEntityOfPage":{"@id":"https:\/\/www.lavillak.com\/de\/neuigkeiten\/after-work-an-jedem-donnerstag-im-spa-10-auf-die-pflegekarte\/"},"wordCount":294,"publisher":{"@id":"https:\/\/www.lavillak.com\/de\/#organization"},"image":{"@id":"https:\/\/www.lavillak.com\/de\/neuigkeiten\/after-work-an-jedem-donnerstag-im-spa-10-auf-die-pflegekarte\/#primaryimage"},"thumbnailUrl":"https:\/\/www.lavillak.com\/wp-inside\/uploads\/2021\/05\/spa-villa-k-haut-rhin-enterrement-vie-jeune-fille.jpg","articleSection":["Neuigkeiten"],"inLanguage":"de"},{"@type":"WebPage","@id":"https:\/\/www.lavillak.com\/de\/neuigkeiten\/after-work-an-jedem-donnerstag-im-spa-10-auf-die-pflegekarte\/","url":"https:\/\/www.lavillak.com\/de\/neuigkeiten\/after-work-an-jedem-donnerstag-im-spa-10-auf-die-pflegekarte\/","name":"After Work an jedem Donnerstag im Spa : -10% auf die Pflegekarte","isPartOf":{"@id":"https:\/\/www.lavillak.com\/de\/#website"},"primaryImageOfPage":{"@id":"https:\/\/www.lavillak.com\/de\/neuigkeiten\/after-work-an-jedem-donnerstag-im-spa-10-auf-die-pflegekarte\/#primaryimage"},"image":{"@id":"https:\/\/www.lavillak.com\/de\/neuigkeiten\/after-work-an-jedem-donnerstag-im-spa-10-auf-die-pflegekarte\/#primaryimage"},"thumbnailUrl":"https:\/\/www.lavillak.com\/wp-inside\/uploads\/2021\/05\/spa-villa-k-haut-rhin-enterrement-vie-jeune-fille.jpg","datePublished":"2016-08-02T08:21:15+00:00","dateModified":"2021-05-28T14:07:11+00:00","breadcrumb":{"@id":"https:\/\/www.lavillak.com\/de\/neuigkeiten\/after-work-an-jedem-donnerstag-im-spa-10-auf-die-pflegekarte\/#breadcrumb"},"inLanguage":"de","potentialAction":[{"@type":"ReadAction","target":["https:\/\/www.lavillak.com\/de\/neuigkeiten\/after-work-an-jedem-donnerstag-im-spa-10-auf-die-pflegekarte\/"]}]},{"@type":"ImageObject","inLanguage":"de","@id":"https:\/\/www.lavillak.com\/de\/neuigkeiten\/after-work-an-jedem-donnerstag-im-spa-10-auf-die-pflegekarte\/#primaryimage","url":"https:\/\/www.lavillak.com\/wp-inside\/uploads\/2021\/05\/spa-villa-k-haut-rhin-enterrement-vie-jeune-fille.jpg","contentUrl":"https:\/\/www.lavillak.com\/wp-inside\/uploads\/2021\/05\/spa-villa-k-haut-rhin-enterrement-vie-jeune-fille.jpg","width":1193,"height":792},{"@type":"BreadcrumbList","@id":"https:\/\/www.lavillak.com\/de\/neuigkeiten\/after-work-an-jedem-donnerstag-im-spa-10-auf-die-pflegekarte\/#breadcrumb","itemListElement":[{"@type":"ListItem","position":1,"name":"Home","item":"https:\/\/www.lavillak.com\/de\/"},{"@type":"ListItem","position":2,"name":"Neuigkeiten","item":"https:\/\/www.lavillak.com\/de\/neuigkeiten\/"},{"@type":"ListItem","position":3,"name":"After Work an jedem Donnerstag im Spa : -10% auf die Pflegekarte"}]},{"@type":"WebSite","@id":"https:\/\/www.lavillak.com\/de\/#website","url":"https:\/\/www.lavillak.com\/de\/","name":"La Villa K","description":"H\u00f4tel Spa Restaurant 4 \u00e9toiles","publisher":{"@id":"https:\/\/www.lavillak.com\/de\/#organization"},"potentialAction":[{"@type":"SearchAction","target":{"@type":"EntryPoint","urlTemplate":"https:\/\/www.lavillak.com\/de\/?s={search_term_string}"},"query-input":{"@type":"PropertyValueSpecification","valueRequired":true,"valueName":"search_term_string"}}],"inLanguage":"de"},{"@type":"Organization","@id":"https:\/\/www.lavillak.com\/de\/#organization","name":"La Villa K","url":"https:\/\/www.lavillak.com\/de\/","logo":{"@type":"ImageObject","inLanguage":"de","@id":"https:\/\/www.lavillak.com\/de\/#\/schema\/logo\/image\/","url":"https:\/\/www.lavillak.com\/wp-inside\/uploads\/2021\/05\/logo-hotel-lavillak-230x144_2x.png","contentUrl":"https:\/\/www.lavillak.com\/wp-inside\/uploads\/2021\/05\/logo-hotel-lavillak-230x144_2x.png","width":460,"height":288,"caption":"La Villa K"},"image":{"@id":"https:\/\/www.lavillak.com\/de\/#\/schema\/logo\/image\/"},"sameAs":["https:\/\/www.facebook.com\/lavillak\/","https:\/\/www.instagram.com\/hotellavillak\/","https:\/\/fr.pinterest.com\/hotellavillaket\/"]},{"@type":"Person","@id":"https:\/\/www.lavillak.com\/de\/#\/schema\/person\/93fc73edf32dc09895c36035d9bb7956","name":"Premi\u00e8re Place","image":{"@type":"ImageObject","inLanguage":"de","@id":"https:\/\/secure.gravatar.com\/avatar\/5091af20ac2a44cb521992f13fec8a09deb308a5b721983dec39b595a5302c6a?s=96&d=mm&r=g","url":"https:\/\/secure.gravatar.com\/avatar\/5091af20ac2a44cb521992f13fec8a09deb308a5b721983dec39b595a5302c6a?s=96&d=mm&r=g","contentUrl":"https:\/\/secure.gravatar.com\/avatar\/5091af20ac2a44cb521992f13fec8a09deb308a5b721983dec39b595a5302c6a?s=96&d=mm&r=g","caption":"Premi\u00e8re Place"}}]}},"_links":{"self":[{"href":"https:\/\/www.lavillak.com\/de\/wp-json\/wp\/v2\/posts\/15048","targetHints":{"allow":["GET"]}}],"collection":[{"href":"https:\/\/www.lavillak.com\/de\/wp-json\/wp\/v2\/posts"}],"about":[{"href":"https:\/\/www.lavillak.com\/de\/wp-json\/wp\/v2\/types\/post"}],"author":[{"embeddable":true,"href":"https:\/\/www.lavillak.com\/de\/wp-json\/wp\/v2\/users\/3"}],"replies":[{"embeddable":true,"href":"https:\/\/www.lavillak.com\/de\/wp-json\/wp\/v2\/comments?post=15048"}],"version-history":[{"count":1,"href":"https:\/\/www.lavillak.com\/de\/wp-json\/wp\/v2\/posts\/15048\/revisions"}],"predecessor-version":[{"id":16359,"href":"https:\/\/www.lavillak.com\/de\/wp-json\/wp\/v2\/posts\/15048\/revisions\/16359"}],"wp:featuredmedia":[{"embeddable":true,"href":"https:\/\/www.lavillak.com\/de\/wp-json\/wp\/v2\/media\/15049"}],"wp:attachment":[{"href":"https:\/\/www.lavillak.com\/de\/wp-json\/wp\/v2\/media?parent=15048"}],"wp:term":[{"taxonomy":"category","embeddable":true,"href":"https:\/\/www.lavillak.com\/de\/wp-json\/wp\/v2\/categories?post=15048"},{"taxonomy":"post_tag","embeddable":true,"href":"https:\/\/www.lavillak.com\/de\/wp-json\/wp\/v2\/tags?post=15048"}],"curies":[{"name":"wp","href":"https:\/\/api.w.org\/{rel}","templated":true}]}}