{"id":15071,"date":"2016-08-02T10:09:06","date_gmt":"2016-08-02T08:09:06","guid":{"rendered":"https:\/\/www.lavillak.com\/neuigkeiten\/duo-tage-im-spa-an-einem-sonntag-im-monat\/"},"modified":"2016-08-02T10:09:06","modified_gmt":"2016-08-02T08:09:06","slug":"duo-tage-im-spa-an-einem-sonntag-im-monat","status":"publish","type":"post","link":"https:\/\/www.lavillak.com\/de\/neuigkeiten\/duo-tage-im-spa-an-einem-sonntag-im-monat\/","title":{"rendered":"Duo-Tage im Spa, an einem Sonntag im Monat!"},"content":{"rendered":"<p><img loading=\"lazy\" decoding=\"async\" class=\"aligncenter size-large wp-image-3156\" src=\"https:\/\/www.lavillak.com\/wp-inside\/uploads\/2021\/05\/2016-08-01-lavillak-visuel-categorie-journee-duo-spa-de-800x397.jpg\" alt=\"spa basel\" width=\"800\" height=\"397\" \/><\/p>\n<p><strong>Tr\u00e4umen Sie und Ihr Partner von au\u00dfergew\u00f6hnlichen Entspannungsmomenten? Wir haben an Sie gedacht: An einem Sonntag im Monat laden wir Sie zu den Duo-Tagen ins Spa im La Villa K, in Saint-Louis ein.<\/strong><\/p>\n<h2>Kuscheliges Ambiente f\u00fcr Paare<\/h2>\n<p>An einem Sonntag im Monat k\u00f6nnen Sie entspannende Momente in unserem Spa genie\u00dfen. Kuscheliges Ambiente mit Kerzenschein, Rosenbl\u00fcten\u2026 wir bieten Ihnen einen Zen-Bereich zur Entspannung, so k\u00f6nnen Sie loslassen und zu sich selbst zur\u00fcckfinden.<\/p>\n<p>Das Spa verf\u00fcgt \u00fcber eine Sauna, ein Hammam und ein Jacuzzi. Auf der Pflegekarte finden Sie s\u00e4mtliche Massagen und K\u00f6rperbehandlungen.<\/p>\n<p><strong>Ab 60.- \u20ac inkl. MWSt. f\u00fcr 2 Personen<\/strong><strong><br \/>\n<strong>Informationen und Reservationen unter 03 89 70 93 40<\/strong><\/strong><\/p>\n<p>Reservieren Sie schnell Ihren Behandlungstermin!<\/p>\n<h2>Entdecken Sie unser Spa im 4 Sterne Hotel<\/h2>\n<p>Treten Sie ein in die Welt von La Villa K: unser 4 Sterne Hotel empf\u00e4ngt Sie mit topmodernem Design und einem chic-entspannten Ambiente. Genie\u00dfen Sie das Spa und das Restaurant\/die Weinbar La Cave.<\/p>\n<p>La Villa K bietet Ihnen das ganze Jahr \u00fcber Aktionen und Angebote, die Sie nicht verpassen sollten: Kochkurse, Weindegustationen, Happy Hour und After Work im Spa\u2026 Ein echter Ort zum Wohlf\u00fchlen und Entdecken, Sie werden sich hier wie zuhause f\u00fchlen!<\/p>\n<p><strong>Adresse 1 Rue de Lectoure 68300 Saint-Louis (N\u00e4he Basel, EuroAirport, Mulhouse).<\/strong><\/p>\n","protected":false},"excerpt":{"rendered":"<p>Tr\u00e4umen Sie und Ihr Partner von au\u00dfergew\u00f6hnlichen Entspannungsmomenten? Wir haben an Sie gedacht: An einem Sonntag im Monat laden wir Sie zu den Duo-Tagen ins Spa im La Villa K, [&hellip;]<\/p>\n","protected":false},"author":3,"featured_media":15072,"comment_status":"closed","ping_status":"closed","sticky":false,"template":"","format":"standard","meta":{"_acf_changed":false,"footnotes":""},"categories":[2],"tags":[],"class_list":["post-15071","post","type-post","status-publish","format-standard","has-post-thumbnail","hentry","category-neuigkeiten","wp-sticky"],"acf":[],"yoast_head":"<!-- This site is optimized with the Yoast SEO plugin v27.5 - https:\/\/yoast.com\/product\/yoast-seo-wordpress\/ -->\n<title>Duo-Tage im Spa, an einem Sonntag im Monat!<\/title>\n<meta name=\"robots\" content=\"index, follow, max-snippet:-1, max-image-preview:large, max-video-preview:-1\" \/>\n<link rel=\"canonical\" href=\"https:\/\/www.lavillak.com\/de\/neuigkeiten\/duo-tage-im-spa-an-einem-sonntag-im-monat\/\" \/>\n<meta property=\"og:locale\" content=\"de_DE\" \/>\n<meta property=\"og:type\" content=\"article\" \/>\n<meta property=\"og:title\" content=\"Duo-Tage im Spa, an einem Sonntag im Monat!\" \/>\n<meta property=\"og:description\" content=\"Tr\u00e4umen Sie und Ihr Partner von au\u00dfergew\u00f6hnlichen Entspannungsmomenten? Wir haben an Sie gedacht: An einem Sonntag im Monat laden wir Sie zu den Duo-Tagen ins Spa im La Villa K, [&hellip;]\" \/>\n<meta property=\"og:url\" content=\"https:\/\/www.lavillak.com\/de\/neuigkeiten\/duo-tage-im-spa-an-einem-sonntag-im-monat\/\" \/>\n<meta property=\"og:site_name\" content=\"La Villa K\" \/>\n<meta property=\"article:publisher\" content=\"https:\/\/www.facebook.com\/lavillak\/\" \/>\n<meta property=\"article:published_time\" content=\"2016-08-02T08:09:06+00:00\" \/>\n<meta property=\"og:image\" content=\"https:\/\/www.lavillak.com\/wp-inside\/uploads\/2021\/05\/2016-08-01-lavillak-visuel-categorie-journee-duo-spa-de.jpg\" \/>\n\t<meta property=\"og:image:width\" content=\"1171\" \/>\n\t<meta property=\"og:image:height\" content=\"581\" \/>\n\t<meta property=\"og:image:type\" content=\"image\/jpeg\" \/>\n<meta name=\"author\" content=\"Premi\u00e8re Place\" \/>\n<meta name=\"twitter:card\" content=\"summary_large_image\" \/>\n<meta name=\"twitter:label1\" content=\"Verfasst von\" \/>\n\t<meta name=\"twitter:data1\" content=\"Premi\u00e8re Place\" \/>\n\t<meta name=\"twitter:label2\" content=\"Gesch\u00e4tzte Lesezeit\" \/>\n\t<meta name=\"twitter:data2\" content=\"1\u00a0Minute\" \/>\n<script type=\"application\/ld+json\" class=\"yoast-schema-graph\">{\"@context\":\"https:\\\/\\\/schema.org\",\"@graph\":[{\"@type\":\"NewsArticle\",\"@id\":\"https:\\\/\\\/www.lavillak.com\\\/de\\\/neuigkeiten\\\/duo-tage-im-spa-an-einem-sonntag-im-monat\\\/#article\",\"isPartOf\":{\"@id\":\"https:\\\/\\\/www.lavillak.com\\\/de\\\/neuigkeiten\\\/duo-tage-im-spa-an-einem-sonntag-im-monat\\\/\"},\"author\":{\"name\":\"Premi\u00e8re Place\",\"@id\":\"https:\\\/\\\/www.lavillak.com\\\/de\\\/#\\\/schema\\\/person\\\/93fc73edf32dc09895c36035d9bb7956\"},\"headline\":\"Duo-Tage im Spa, an einem Sonntag im Monat!\",\"datePublished\":\"2016-08-02T08:09:06+00:00\",\"mainEntityOfPage\":{\"@id\":\"https:\\\/\\\/www.lavillak.com\\\/de\\\/neuigkeiten\\\/duo-tage-im-spa-an-einem-sonntag-im-monat\\\/\"},\"wordCount\":221,\"publisher\":{\"@id\":\"https:\\\/\\\/www.lavillak.com\\\/de\\\/#organization\"},\"image\":{\"@id\":\"https:\\\/\\\/www.lavillak.com\\\/de\\\/neuigkeiten\\\/duo-tage-im-spa-an-einem-sonntag-im-monat\\\/#primaryimage\"},\"thumbnailUrl\":\"https:\\\/\\\/www.lavillak.com\\\/wp-inside\\\/uploads\\\/2021\\\/05\\\/2016-08-01-lavillak-visuel-categorie-journee-duo-spa-de.jpg\",\"articleSection\":[\"Neuigkeiten\"],\"inLanguage\":\"de\"},{\"@type\":\"WebPage\",\"@id\":\"https:\\\/\\\/www.lavillak.com\\\/de\\\/neuigkeiten\\\/duo-tage-im-spa-an-einem-sonntag-im-monat\\\/\",\"url\":\"https:\\\/\\\/www.lavillak.com\\\/de\\\/neuigkeiten\\\/duo-tage-im-spa-an-einem-sonntag-im-monat\\\/\",\"name\":\"Duo-Tage im Spa, an einem Sonntag im Monat!\",\"isPartOf\":{\"@id\":\"https:\\\/\\\/www.lavillak.com\\\/de\\\/#website\"},\"primaryImageOfPage\":{\"@id\":\"https:\\\/\\\/www.lavillak.com\\\/de\\\/neuigkeiten\\\/duo-tage-im-spa-an-einem-sonntag-im-monat\\\/#primaryimage\"},\"image\":{\"@id\":\"https:\\\/\\\/www.lavillak.com\\\/de\\\/neuigkeiten\\\/duo-tage-im-spa-an-einem-sonntag-im-monat\\\/#primaryimage\"},\"thumbnailUrl\":\"https:\\\/\\\/www.lavillak.com\\\/wp-inside\\\/uploads\\\/2021\\\/05\\\/2016-08-01-lavillak-visuel-categorie-journee-duo-spa-de.jpg\",\"datePublished\":\"2016-08-02T08:09:06+00:00\",\"breadcrumb\":{\"@id\":\"https:\\\/\\\/www.lavillak.com\\\/de\\\/neuigkeiten\\\/duo-tage-im-spa-an-einem-sonntag-im-monat\\\/#breadcrumb\"},\"inLanguage\":\"de\",\"potentialAction\":[{\"@type\":\"ReadAction\",\"target\":[\"https:\\\/\\\/www.lavillak.com\\\/de\\\/neuigkeiten\\\/duo-tage-im-spa-an-einem-sonntag-im-monat\\\/\"]}]},{\"@type\":\"ImageObject\",\"inLanguage\":\"de\",\"@id\":\"https:\\\/\\\/www.lavillak.com\\\/de\\\/neuigkeiten\\\/duo-tage-im-spa-an-einem-sonntag-im-monat\\\/#primaryimage\",\"url\":\"https:\\\/\\\/www.lavillak.com\\\/wp-inside\\\/uploads\\\/2021\\\/05\\\/2016-08-01-lavillak-visuel-categorie-journee-duo-spa-de.jpg\",\"contentUrl\":\"https:\\\/\\\/www.lavillak.com\\\/wp-inside\\\/uploads\\\/2021\\\/05\\\/2016-08-01-lavillak-visuel-categorie-journee-duo-spa-de.jpg\",\"width\":1171,\"height\":581,\"caption\":\"spa basel\"},{\"@type\":\"BreadcrumbList\",\"@id\":\"https:\\\/\\\/www.lavillak.com\\\/de\\\/neuigkeiten\\\/duo-tage-im-spa-an-einem-sonntag-im-monat\\\/#breadcrumb\",\"itemListElement\":[{\"@type\":\"ListItem\",\"position\":1,\"name\":\"Home\",\"item\":\"https:\\\/\\\/www.lavillak.com\\\/de\\\/\"},{\"@type\":\"ListItem\",\"position\":2,\"name\":\"Neuigkeiten\",\"item\":\"https:\\\/\\\/www.lavillak.com\\\/de\\\/neuigkeiten\\\/\"},{\"@type\":\"ListItem\",\"position\":3,\"name\":\"Duo-Tage im Spa, an einem Sonntag im Monat!\"}]},{\"@type\":\"WebSite\",\"@id\":\"https:\\\/\\\/www.lavillak.com\\\/de\\\/#website\",\"url\":\"https:\\\/\\\/www.lavillak.com\\\/de\\\/\",\"name\":\"La Villa K\",\"description\":\"H\u00f4tel Spa Restaurant 4 \u00e9toiles\",\"publisher\":{\"@id\":\"https:\\\/\\\/www.lavillak.com\\\/de\\\/#organization\"},\"potentialAction\":[{\"@type\":\"SearchAction\",\"target\":{\"@type\":\"EntryPoint\",\"urlTemplate\":\"https:\\\/\\\/www.lavillak.com\\\/de\\\/?s={search_term_string}\"},\"query-input\":{\"@type\":\"PropertyValueSpecification\",\"valueRequired\":true,\"valueName\":\"search_term_string\"}}],\"inLanguage\":\"de\"},{\"@type\":\"Organization\",\"@id\":\"https:\\\/\\\/www.lavillak.com\\\/de\\\/#organization\",\"name\":\"La Villa K\",\"url\":\"https:\\\/\\\/www.lavillak.com\\\/de\\\/\",\"logo\":{\"@type\":\"ImageObject\",\"inLanguage\":\"de\",\"@id\":\"https:\\\/\\\/www.lavillak.com\\\/de\\\/#\\\/schema\\\/logo\\\/image\\\/\",\"url\":\"https:\\\/\\\/www.lavillak.com\\\/wp-inside\\\/uploads\\\/2021\\\/05\\\/logo-hotel-lavillak-230x144_2x.png\",\"contentUrl\":\"https:\\\/\\\/www.lavillak.com\\\/wp-inside\\\/uploads\\\/2021\\\/05\\\/logo-hotel-lavillak-230x144_2x.png\",\"width\":460,\"height\":288,\"caption\":\"La Villa K\"},\"image\":{\"@id\":\"https:\\\/\\\/www.lavillak.com\\\/de\\\/#\\\/schema\\\/logo\\\/image\\\/\"},\"sameAs\":[\"https:\\\/\\\/www.facebook.com\\\/lavillak\\\/\",\"https:\\\/\\\/www.instagram.com\\\/hotellavillak\\\/\",\"https:\\\/\\\/fr.pinterest.com\\\/hotellavillaket\\\/\"]},{\"@type\":\"Person\",\"@id\":\"https:\\\/\\\/www.lavillak.com\\\/de\\\/#\\\/schema\\\/person\\\/93fc73edf32dc09895c36035d9bb7956\",\"name\":\"Premi\u00e8re Place\",\"image\":{\"@type\":\"ImageObject\",\"inLanguage\":\"de\",\"@id\":\"https:\\\/\\\/secure.gravatar.com\\\/avatar\\\/5091af20ac2a44cb521992f13fec8a09deb308a5b721983dec39b595a5302c6a?s=96&d=mm&r=g\",\"url\":\"https:\\\/\\\/secure.gravatar.com\\\/avatar\\\/5091af20ac2a44cb521992f13fec8a09deb308a5b721983dec39b595a5302c6a?s=96&d=mm&r=g\",\"contentUrl\":\"https:\\\/\\\/secure.gravatar.com\\\/avatar\\\/5091af20ac2a44cb521992f13fec8a09deb308a5b721983dec39b595a5302c6a?s=96&d=mm&r=g\",\"caption\":\"Premi\u00e8re Place\"}}]}<\/script>\n<!-- \/ Yoast SEO plugin. -->","yoast_head_json":{"title":"Duo-Tage im Spa, an einem Sonntag im Monat!","robots":{"index":"index","follow":"follow","max-snippet":"max-snippet:-1","max-image-preview":"max-image-preview:large","max-video-preview":"max-video-preview:-1"},"canonical":"https:\/\/www.lavillak.com\/de\/neuigkeiten\/duo-tage-im-spa-an-einem-sonntag-im-monat\/","og_locale":"de_DE","og_type":"article","og_title":"Duo-Tage im Spa, an einem Sonntag im Monat!","og_description":"Tr\u00e4umen Sie und Ihr Partner von au\u00dfergew\u00f6hnlichen Entspannungsmomenten? Wir haben an Sie gedacht: An einem Sonntag im Monat laden wir Sie zu den Duo-Tagen ins Spa im La Villa K, [&hellip;]","og_url":"https:\/\/www.lavillak.com\/de\/neuigkeiten\/duo-tage-im-spa-an-einem-sonntag-im-monat\/","og_site_name":"La Villa K","article_publisher":"https:\/\/www.facebook.com\/lavillak\/","article_published_time":"2016-08-02T08:09:06+00:00","og_image":[{"width":1171,"height":581,"url":"https:\/\/www.lavillak.com\/wp-inside\/uploads\/2021\/05\/2016-08-01-lavillak-visuel-categorie-journee-duo-spa-de.jpg","type":"image\/jpeg"}],"author":"Premi\u00e8re Place","twitter_card":"summary_large_image","twitter_misc":{"Verfasst von":"Premi\u00e8re Place","Gesch\u00e4tzte Lesezeit":"1\u00a0Minute"},"schema":{"@context":"https:\/\/schema.org","@graph":[{"@type":"NewsArticle","@id":"https:\/\/www.lavillak.com\/de\/neuigkeiten\/duo-tage-im-spa-an-einem-sonntag-im-monat\/#article","isPartOf":{"@id":"https:\/\/www.lavillak.com\/de\/neuigkeiten\/duo-tage-im-spa-an-einem-sonntag-im-monat\/"},"author":{"name":"Premi\u00e8re Place","@id":"https:\/\/www.lavillak.com\/de\/#\/schema\/person\/93fc73edf32dc09895c36035d9bb7956"},"headline":"Duo-Tage im Spa, an einem Sonntag im Monat!","datePublished":"2016-08-02T08:09:06+00:00","mainEntityOfPage":{"@id":"https:\/\/www.lavillak.com\/de\/neuigkeiten\/duo-tage-im-spa-an-einem-sonntag-im-monat\/"},"wordCount":221,"publisher":{"@id":"https:\/\/www.lavillak.com\/de\/#organization"},"image":{"@id":"https:\/\/www.lavillak.com\/de\/neuigkeiten\/duo-tage-im-spa-an-einem-sonntag-im-monat\/#primaryimage"},"thumbnailUrl":"https:\/\/www.lavillak.com\/wp-inside\/uploads\/2021\/05\/2016-08-01-lavillak-visuel-categorie-journee-duo-spa-de.jpg","articleSection":["Neuigkeiten"],"inLanguage":"de"},{"@type":"WebPage","@id":"https:\/\/www.lavillak.com\/de\/neuigkeiten\/duo-tage-im-spa-an-einem-sonntag-im-monat\/","url":"https:\/\/www.lavillak.com\/de\/neuigkeiten\/duo-tage-im-spa-an-einem-sonntag-im-monat\/","name":"Duo-Tage im Spa, an einem Sonntag im Monat!","isPartOf":{"@id":"https:\/\/www.lavillak.com\/de\/#website"},"primaryImageOfPage":{"@id":"https:\/\/www.lavillak.com\/de\/neuigkeiten\/duo-tage-im-spa-an-einem-sonntag-im-monat\/#primaryimage"},"image":{"@id":"https:\/\/www.lavillak.com\/de\/neuigkeiten\/duo-tage-im-spa-an-einem-sonntag-im-monat\/#primaryimage"},"thumbnailUrl":"https:\/\/www.lavillak.com\/wp-inside\/uploads\/2021\/05\/2016-08-01-lavillak-visuel-categorie-journee-duo-spa-de.jpg","datePublished":"2016-08-02T08:09:06+00:00","breadcrumb":{"@id":"https:\/\/www.lavillak.com\/de\/neuigkeiten\/duo-tage-im-spa-an-einem-sonntag-im-monat\/#breadcrumb"},"inLanguage":"de","potentialAction":[{"@type":"ReadAction","target":["https:\/\/www.lavillak.com\/de\/neuigkeiten\/duo-tage-im-spa-an-einem-sonntag-im-monat\/"]}]},{"@type":"ImageObject","inLanguage":"de","@id":"https:\/\/www.lavillak.com\/de\/neuigkeiten\/duo-tage-im-spa-an-einem-sonntag-im-monat\/#primaryimage","url":"https:\/\/www.lavillak.com\/wp-inside\/uploads\/2021\/05\/2016-08-01-lavillak-visuel-categorie-journee-duo-spa-de.jpg","contentUrl":"https:\/\/www.lavillak.com\/wp-inside\/uploads\/2021\/05\/2016-08-01-lavillak-visuel-categorie-journee-duo-spa-de.jpg","width":1171,"height":581,"caption":"spa basel"},{"@type":"BreadcrumbList","@id":"https:\/\/www.lavillak.com\/de\/neuigkeiten\/duo-tage-im-spa-an-einem-sonntag-im-monat\/#breadcrumb","itemListElement":[{"@type":"ListItem","position":1,"name":"Home","item":"https:\/\/www.lavillak.com\/de\/"},{"@type":"ListItem","position":2,"name":"Neuigkeiten","item":"https:\/\/www.lavillak.com\/de\/neuigkeiten\/"},{"@type":"ListItem","position":3,"name":"Duo-Tage im Spa, an einem Sonntag im Monat!"}]},{"@type":"WebSite","@id":"https:\/\/www.lavillak.com\/de\/#website","url":"https:\/\/www.lavillak.com\/de\/","name":"La Villa K","description":"H\u00f4tel Spa Restaurant 4 \u00e9toiles","publisher":{"@id":"https:\/\/www.lavillak.com\/de\/#organization"},"potentialAction":[{"@type":"SearchAction","target":{"@type":"EntryPoint","urlTemplate":"https:\/\/www.lavillak.com\/de\/?s={search_term_string}"},"query-input":{"@type":"PropertyValueSpecification","valueRequired":true,"valueName":"search_term_string"}}],"inLanguage":"de"},{"@type":"Organization","@id":"https:\/\/www.lavillak.com\/de\/#organization","name":"La Villa K","url":"https:\/\/www.lavillak.com\/de\/","logo":{"@type":"ImageObject","inLanguage":"de","@id":"https:\/\/www.lavillak.com\/de\/#\/schema\/logo\/image\/","url":"https:\/\/www.lavillak.com\/wp-inside\/uploads\/2021\/05\/logo-hotel-lavillak-230x144_2x.png","contentUrl":"https:\/\/www.lavillak.com\/wp-inside\/uploads\/2021\/05\/logo-hotel-lavillak-230x144_2x.png","width":460,"height":288,"caption":"La Villa K"},"image":{"@id":"https:\/\/www.lavillak.com\/de\/#\/schema\/logo\/image\/"},"sameAs":["https:\/\/www.facebook.com\/lavillak\/","https:\/\/www.instagram.com\/hotellavillak\/","https:\/\/fr.pinterest.com\/hotellavillaket\/"]},{"@type":"Person","@id":"https:\/\/www.lavillak.com\/de\/#\/schema\/person\/93fc73edf32dc09895c36035d9bb7956","name":"Premi\u00e8re Place","image":{"@type":"ImageObject","inLanguage":"de","@id":"https:\/\/secure.gravatar.com\/avatar\/5091af20ac2a44cb521992f13fec8a09deb308a5b721983dec39b595a5302c6a?s=96&d=mm&r=g","url":"https:\/\/secure.gravatar.com\/avatar\/5091af20ac2a44cb521992f13fec8a09deb308a5b721983dec39b595a5302c6a?s=96&d=mm&r=g","contentUrl":"https:\/\/secure.gravatar.com\/avatar\/5091af20ac2a44cb521992f13fec8a09deb308a5b721983dec39b595a5302c6a?s=96&d=mm&r=g","caption":"Premi\u00e8re Place"}}]}},"_links":{"self":[{"href":"https:\/\/www.lavillak.com\/de\/wp-json\/wp\/v2\/posts\/15071","targetHints":{"allow":["GET"]}}],"collection":[{"href":"https:\/\/www.lavillak.com\/de\/wp-json\/wp\/v2\/posts"}],"about":[{"href":"https:\/\/www.lavillak.com\/de\/wp-json\/wp\/v2\/types\/post"}],"author":[{"embeddable":true,"href":"https:\/\/www.lavillak.com\/de\/wp-json\/wp\/v2\/users\/3"}],"replies":[{"embeddable":true,"href":"https:\/\/www.lavillak.com\/de\/wp-json\/wp\/v2\/comments?post=15071"}],"version-history":[{"count":0,"href":"https:\/\/www.lavillak.com\/de\/wp-json\/wp\/v2\/posts\/15071\/revisions"}],"wp:featuredmedia":[{"embeddable":true,"href":"https:\/\/www.lavillak.com\/de\/wp-json\/wp\/v2\/media\/15072"}],"wp:attachment":[{"href":"https:\/\/www.lavillak.com\/de\/wp-json\/wp\/v2\/media?parent=15071"}],"wp:term":[{"taxonomy":"category","embeddable":true,"href":"https:\/\/www.lavillak.com\/de\/wp-json\/wp\/v2\/categories?post=15071"},{"taxonomy":"post_tag","embeddable":true,"href":"https:\/\/www.lavillak.com\/de\/wp-json\/wp\/v2\/tags?post=15071"}],"curies":[{"name":"wp","href":"https:\/\/api.w.org\/{rel}","templated":true}]}}