{"id":15175,"date":"2019-01-17T09:15:39","date_gmt":"2019-01-17T08:15:39","guid":{"rendered":"https:\/\/www.lavillak.com\/neuigkeiten\/das-sundgau-mit-dem-fahrrad-nutzen-sie-unsere-elektrischen-fahrraeder\/"},"modified":"2019-01-17T09:15:39","modified_gmt":"2019-01-17T08:15:39","slug":"das-sundgau-mit-dem-fahrrad-nutzen-sie-unsere-elektrischen-fahrraeder","status":"publish","type":"post","link":"https:\/\/www.lavillak.com\/de\/neuigkeiten\/das-sundgau-mit-dem-fahrrad-nutzen-sie-unsere-elektrischen-fahrraeder\/","title":{"rendered":"Das Sundgau mit dem Fahrrad, nutzen Sie unsere elektrischen Fahrr\u00e4der!"},"content":{"rendered":"<p><img loading=\"lazy\" decoding=\"async\" class=\"aligncenter size-large wp-image-7464\" src=\"https:\/\/www.lavillak.com\/wp-inside\/uploads\/2021\/05\/velo-electrique-sundgau-800x590.jpg\" alt=\"velo-electrique-sundgau\" width=\"800\" height=\"590\" \/><\/p>\n<p><strong>Sie m\u00f6chten gerne das s\u00fcdliche Elsass mit dem Fahrrad erkunden, eine gute Idee! Das Sundgau-Tal, das els\u00e4ssische Jura&#8230;.die Gegend hat viel zu bieten und viele Strecken und Rundwege f\u00fcr Fahrr\u00e4der und Mountenbikes.<\/strong><\/p>\n<p>Das Hotel, die Villa K (Saint Louis) bietet elektrische Fahrr\u00e4der an um die gesch\u00fctzten Landschaften unser Nachbarn zu erkunden.<\/p>\n<h2>Und los geht es mit mehreren Kilometern mit dem Fahrrad!<\/h2>\n<p>Kennen Sie die Euro Velo 6, die Verbindung f\u00fcr Fahrradfahrer die sich zwischen Nantes und Budapest befindet? Ein Teil dieser Strecke f\u00fchrt durch das Sundgau, wo Sie die wundersch\u00f6ne Natur geniessen k\u00f6nnen. Hier gibt es keine Autos: Sie sind im Herzen der Natur mit typischen els\u00e4ssischen D\u00f6rfern. Im Programm: Fachwerkh\u00e4user, Kirchen, blumengeschm\u00fcckte D\u00f6rfer, Wasserm\u00fchlen&#8230;<\/p>\n<h2>Fahrradfahrer sind willkommen im s\u00fcdlichen Elsass<\/h2>\n<p>Das Gebiet ist f\u00fcr Fahrradtouristen eingerichtet. Die Villa K und ihr Restaurant Bistro La Cave bieten Ihnen elektrische Fahrr\u00e4der und Picknickk\u00f6rbe an.<\/p>\n<p>Und auf Ihrem Weg finden sich Ausflugslokale, Zubeh\u00f6rteile und Werkst\u00e4tten f\u00fcr Fahrr\u00e4der.<\/p>\n<h2>Haben wir elektrische Fahrr\u00e4der gesagt?<\/h2>\n<p>Ganz genau! Sie m\u00fcssen nicht mehr trainieren bevor Sie eine Fahrradtour von vielen Kilometern unternehmen wollen. Dank unsere elektrisch betriebenen Fahrr\u00e4dern versp\u00fcren Sie keine Erm\u00fcdungszeichen beim Anstieg in den Beinen und am  Ende des Tages. Eine Batterie bietet lange Fahrdauer, erleichtert ihr Vorw\u00e4rtskommen egal in welchen Alter oder ihrer Kondition. Das elektrische Fahrrad ist ein grosser Vorteile f\u00fcr Menschen mit R\u00fcckenschmerzen oder Durchblutungsbeschwerden. Sie k\u00f6nnen in Ruhe die nat\u00fcrliche Landschaft von unserem sch\u00f6nen Elsass geniessen!<\/p>\n<p><strong>Hotel La Villa K &#038; SPA \/ Bistro La Cave<br \/>\n1, tue de Lectoure, 68300 Saint Louis<br \/>\n<\/strong><\/p>\n","protected":false},"excerpt":{"rendered":"<p>Sie m\u00f6chten gerne das s\u00fcdliche Elsass mit dem Fahrrad erkunden, eine gute Idee! Das Sundgau-Tal, das els\u00e4ssische Jura&#8230;.die Gegend hat viel zu bieten und viele Strecken und Rundwege f\u00fcr Fahrr\u00e4der [&hellip;]<\/p>\n","protected":false},"author":3,"featured_media":13391,"comment_status":"closed","ping_status":"closed","sticky":false,"template":"","format":"standard","meta":{"_acf_changed":false,"footnotes":""},"categories":[2],"tags":[],"class_list":["post-15175","post","type-post","status-publish","format-standard","has-post-thumbnail","hentry","category-neuigkeiten","wp-sticky"],"acf":[],"yoast_head":"<!-- This site is optimized with the Yoast SEO plugin v27.5 - https:\/\/yoast.com\/product\/yoast-seo-wordpress\/ -->\n<title>Das Sundgau mit dem Fahrrad, nutzen Sie unsere elektrischen Fahrr\u00e4der!<\/title>\n<meta name=\"robots\" content=\"index, follow, max-snippet:-1, max-image-preview:large, max-video-preview:-1\" \/>\n<link rel=\"canonical\" href=\"https:\/\/www.lavillak.com\/de\/neuigkeiten\/das-sundgau-mit-dem-fahrrad-nutzen-sie-unsere-elektrischen-fahrraeder\/\" \/>\n<meta property=\"og:locale\" content=\"de_DE\" \/>\n<meta property=\"og:type\" content=\"article\" \/>\n<meta property=\"og:title\" content=\"Das Sundgau mit dem Fahrrad, nutzen Sie unsere elektrischen Fahrr\u00e4der!\" \/>\n<meta property=\"og:description\" content=\"Sie m\u00f6chten gerne das s\u00fcdliche Elsass mit dem Fahrrad erkunden, eine gute Idee! Das Sundgau-Tal, das els\u00e4ssische Jura&#8230;.die Gegend hat viel zu bieten und viele Strecken und Rundwege f\u00fcr Fahrr\u00e4der [&hellip;]\" \/>\n<meta property=\"og:url\" content=\"https:\/\/www.lavillak.com\/de\/neuigkeiten\/das-sundgau-mit-dem-fahrrad-nutzen-sie-unsere-elektrischen-fahrraeder\/\" \/>\n<meta property=\"og:site_name\" content=\"La Villa K\" \/>\n<meta property=\"article:publisher\" content=\"https:\/\/www.facebook.com\/lavillak\/\" \/>\n<meta property=\"article:published_time\" content=\"2019-01-17T08:15:39+00:00\" \/>\n<meta property=\"og:image\" content=\"https:\/\/www.lavillak.com\/wp-inside\/uploads\/2021\/05\/velo-electrique-sundgau.jpg\" \/>\n\t<meta property=\"og:image:width\" content=\"1012\" \/>\n\t<meta property=\"og:image:height\" content=\"746\" \/>\n\t<meta property=\"og:image:type\" content=\"image\/jpeg\" \/>\n<meta name=\"author\" content=\"Premi\u00e8re Place\" \/>\n<meta name=\"twitter:card\" content=\"summary_large_image\" \/>\n<meta name=\"twitter:label1\" content=\"Verfasst von\" \/>\n\t<meta name=\"twitter:data1\" content=\"Premi\u00e8re Place\" \/>\n\t<meta name=\"twitter:label2\" content=\"Gesch\u00e4tzte Lesezeit\" \/>\n\t<meta name=\"twitter:data2\" content=\"1\u00a0Minute\" \/>\n<script type=\"application\/ld+json\" class=\"yoast-schema-graph\">{\"@context\":\"https:\\\/\\\/schema.org\",\"@graph\":[{\"@type\":\"NewsArticle\",\"@id\":\"https:\\\/\\\/www.lavillak.com\\\/de\\\/neuigkeiten\\\/das-sundgau-mit-dem-fahrrad-nutzen-sie-unsere-elektrischen-fahrraeder\\\/#article\",\"isPartOf\":{\"@id\":\"https:\\\/\\\/www.lavillak.com\\\/de\\\/neuigkeiten\\\/das-sundgau-mit-dem-fahrrad-nutzen-sie-unsere-elektrischen-fahrraeder\\\/\"},\"author\":{\"name\":\"Premi\u00e8re Place\",\"@id\":\"https:\\\/\\\/www.lavillak.com\\\/de\\\/#\\\/schema\\\/person\\\/93fc73edf32dc09895c36035d9bb7956\"},\"headline\":\"Das Sundgau mit dem Fahrrad, nutzen Sie unsere elektrischen Fahrr\u00e4der!\",\"datePublished\":\"2019-01-17T08:15:39+00:00\",\"mainEntityOfPage\":{\"@id\":\"https:\\\/\\\/www.lavillak.com\\\/de\\\/neuigkeiten\\\/das-sundgau-mit-dem-fahrrad-nutzen-sie-unsere-elektrischen-fahrraeder\\\/\"},\"wordCount\":295,\"publisher\":{\"@id\":\"https:\\\/\\\/www.lavillak.com\\\/de\\\/#organization\"},\"image\":{\"@id\":\"https:\\\/\\\/www.lavillak.com\\\/de\\\/neuigkeiten\\\/das-sundgau-mit-dem-fahrrad-nutzen-sie-unsere-elektrischen-fahrraeder\\\/#primaryimage\"},\"thumbnailUrl\":\"https:\\\/\\\/www.lavillak.com\\\/wp-inside\\\/uploads\\\/2021\\\/05\\\/velo-electrique-sundgau.jpg\",\"articleSection\":[\"Neuigkeiten\"],\"inLanguage\":\"de\"},{\"@type\":\"WebPage\",\"@id\":\"https:\\\/\\\/www.lavillak.com\\\/de\\\/neuigkeiten\\\/das-sundgau-mit-dem-fahrrad-nutzen-sie-unsere-elektrischen-fahrraeder\\\/\",\"url\":\"https:\\\/\\\/www.lavillak.com\\\/de\\\/neuigkeiten\\\/das-sundgau-mit-dem-fahrrad-nutzen-sie-unsere-elektrischen-fahrraeder\\\/\",\"name\":\"Das Sundgau mit dem Fahrrad, nutzen Sie unsere elektrischen Fahrr\u00e4der!\",\"isPartOf\":{\"@id\":\"https:\\\/\\\/www.lavillak.com\\\/de\\\/#website\"},\"primaryImageOfPage\":{\"@id\":\"https:\\\/\\\/www.lavillak.com\\\/de\\\/neuigkeiten\\\/das-sundgau-mit-dem-fahrrad-nutzen-sie-unsere-elektrischen-fahrraeder\\\/#primaryimage\"},\"image\":{\"@id\":\"https:\\\/\\\/www.lavillak.com\\\/de\\\/neuigkeiten\\\/das-sundgau-mit-dem-fahrrad-nutzen-sie-unsere-elektrischen-fahrraeder\\\/#primaryimage\"},\"thumbnailUrl\":\"https:\\\/\\\/www.lavillak.com\\\/wp-inside\\\/uploads\\\/2021\\\/05\\\/velo-electrique-sundgau.jpg\",\"datePublished\":\"2019-01-17T08:15:39+00:00\",\"breadcrumb\":{\"@id\":\"https:\\\/\\\/www.lavillak.com\\\/de\\\/neuigkeiten\\\/das-sundgau-mit-dem-fahrrad-nutzen-sie-unsere-elektrischen-fahrraeder\\\/#breadcrumb\"},\"inLanguage\":\"de\",\"potentialAction\":[{\"@type\":\"ReadAction\",\"target\":[\"https:\\\/\\\/www.lavillak.com\\\/de\\\/neuigkeiten\\\/das-sundgau-mit-dem-fahrrad-nutzen-sie-unsere-elektrischen-fahrraeder\\\/\"]}]},{\"@type\":\"ImageObject\",\"inLanguage\":\"de\",\"@id\":\"https:\\\/\\\/www.lavillak.com\\\/de\\\/neuigkeiten\\\/das-sundgau-mit-dem-fahrrad-nutzen-sie-unsere-elektrischen-fahrraeder\\\/#primaryimage\",\"url\":\"https:\\\/\\\/www.lavillak.com\\\/wp-inside\\\/uploads\\\/2021\\\/05\\\/velo-electrique-sundgau.jpg\",\"contentUrl\":\"https:\\\/\\\/www.lavillak.com\\\/wp-inside\\\/uploads\\\/2021\\\/05\\\/velo-electrique-sundgau.jpg\",\"width\":1012,\"height\":746,\"caption\":\"velo-electrique-sundgau\"},{\"@type\":\"BreadcrumbList\",\"@id\":\"https:\\\/\\\/www.lavillak.com\\\/de\\\/neuigkeiten\\\/das-sundgau-mit-dem-fahrrad-nutzen-sie-unsere-elektrischen-fahrraeder\\\/#breadcrumb\",\"itemListElement\":[{\"@type\":\"ListItem\",\"position\":1,\"name\":\"Home\",\"item\":\"https:\\\/\\\/www.lavillak.com\\\/de\\\/\"},{\"@type\":\"ListItem\",\"position\":2,\"name\":\"Neuigkeiten\",\"item\":\"https:\\\/\\\/www.lavillak.com\\\/de\\\/neuigkeiten\\\/\"},{\"@type\":\"ListItem\",\"position\":3,\"name\":\"Das Sundgau mit dem Fahrrad, nutzen Sie unsere elektrischen Fahrr\u00e4der!\"}]},{\"@type\":\"WebSite\",\"@id\":\"https:\\\/\\\/www.lavillak.com\\\/de\\\/#website\",\"url\":\"https:\\\/\\\/www.lavillak.com\\\/de\\\/\",\"name\":\"La Villa K\",\"description\":\"H\u00f4tel Spa Restaurant 4 \u00e9toiles\",\"publisher\":{\"@id\":\"https:\\\/\\\/www.lavillak.com\\\/de\\\/#organization\"},\"potentialAction\":[{\"@type\":\"SearchAction\",\"target\":{\"@type\":\"EntryPoint\",\"urlTemplate\":\"https:\\\/\\\/www.lavillak.com\\\/de\\\/?s={search_term_string}\"},\"query-input\":{\"@type\":\"PropertyValueSpecification\",\"valueRequired\":true,\"valueName\":\"search_term_string\"}}],\"inLanguage\":\"de\"},{\"@type\":\"Organization\",\"@id\":\"https:\\\/\\\/www.lavillak.com\\\/de\\\/#organization\",\"name\":\"La Villa K\",\"url\":\"https:\\\/\\\/www.lavillak.com\\\/de\\\/\",\"logo\":{\"@type\":\"ImageObject\",\"inLanguage\":\"de\",\"@id\":\"https:\\\/\\\/www.lavillak.com\\\/de\\\/#\\\/schema\\\/logo\\\/image\\\/\",\"url\":\"https:\\\/\\\/www.lavillak.com\\\/wp-inside\\\/uploads\\\/2021\\\/05\\\/logo-hotel-lavillak-230x144_2x.png\",\"contentUrl\":\"https:\\\/\\\/www.lavillak.com\\\/wp-inside\\\/uploads\\\/2021\\\/05\\\/logo-hotel-lavillak-230x144_2x.png\",\"width\":460,\"height\":288,\"caption\":\"La Villa K\"},\"image\":{\"@id\":\"https:\\\/\\\/www.lavillak.com\\\/de\\\/#\\\/schema\\\/logo\\\/image\\\/\"},\"sameAs\":[\"https:\\\/\\\/www.facebook.com\\\/lavillak\\\/\",\"https:\\\/\\\/www.instagram.com\\\/hotellavillak\\\/\",\"https:\\\/\\\/fr.pinterest.com\\\/hotellavillaket\\\/\"]},{\"@type\":\"Person\",\"@id\":\"https:\\\/\\\/www.lavillak.com\\\/de\\\/#\\\/schema\\\/person\\\/93fc73edf32dc09895c36035d9bb7956\",\"name\":\"Premi\u00e8re Place\",\"image\":{\"@type\":\"ImageObject\",\"inLanguage\":\"de\",\"@id\":\"https:\\\/\\\/secure.gravatar.com\\\/avatar\\\/5091af20ac2a44cb521992f13fec8a09deb308a5b721983dec39b595a5302c6a?s=96&d=mm&r=g\",\"url\":\"https:\\\/\\\/secure.gravatar.com\\\/avatar\\\/5091af20ac2a44cb521992f13fec8a09deb308a5b721983dec39b595a5302c6a?s=96&d=mm&r=g\",\"contentUrl\":\"https:\\\/\\\/secure.gravatar.com\\\/avatar\\\/5091af20ac2a44cb521992f13fec8a09deb308a5b721983dec39b595a5302c6a?s=96&d=mm&r=g\",\"caption\":\"Premi\u00e8re Place\"}}]}<\/script>\n<!-- \/ Yoast SEO plugin. -->","yoast_head_json":{"title":"Das Sundgau mit dem Fahrrad, nutzen Sie unsere elektrischen Fahrr\u00e4der!","robots":{"index":"index","follow":"follow","max-snippet":"max-snippet:-1","max-image-preview":"max-image-preview:large","max-video-preview":"max-video-preview:-1"},"canonical":"https:\/\/www.lavillak.com\/de\/neuigkeiten\/das-sundgau-mit-dem-fahrrad-nutzen-sie-unsere-elektrischen-fahrraeder\/","og_locale":"de_DE","og_type":"article","og_title":"Das Sundgau mit dem Fahrrad, nutzen Sie unsere elektrischen Fahrr\u00e4der!","og_description":"Sie m\u00f6chten gerne das s\u00fcdliche Elsass mit dem Fahrrad erkunden, eine gute Idee! Das Sundgau-Tal, das els\u00e4ssische Jura&#8230;.die Gegend hat viel zu bieten und viele Strecken und Rundwege f\u00fcr Fahrr\u00e4der [&hellip;]","og_url":"https:\/\/www.lavillak.com\/de\/neuigkeiten\/das-sundgau-mit-dem-fahrrad-nutzen-sie-unsere-elektrischen-fahrraeder\/","og_site_name":"La Villa K","article_publisher":"https:\/\/www.facebook.com\/lavillak\/","article_published_time":"2019-01-17T08:15:39+00:00","og_image":[{"width":1012,"height":746,"url":"https:\/\/www.lavillak.com\/wp-inside\/uploads\/2021\/05\/velo-electrique-sundgau.jpg","type":"image\/jpeg"}],"author":"Premi\u00e8re Place","twitter_card":"summary_large_image","twitter_misc":{"Verfasst von":"Premi\u00e8re Place","Gesch\u00e4tzte Lesezeit":"1\u00a0Minute"},"schema":{"@context":"https:\/\/schema.org","@graph":[{"@type":"NewsArticle","@id":"https:\/\/www.lavillak.com\/de\/neuigkeiten\/das-sundgau-mit-dem-fahrrad-nutzen-sie-unsere-elektrischen-fahrraeder\/#article","isPartOf":{"@id":"https:\/\/www.lavillak.com\/de\/neuigkeiten\/das-sundgau-mit-dem-fahrrad-nutzen-sie-unsere-elektrischen-fahrraeder\/"},"author":{"name":"Premi\u00e8re Place","@id":"https:\/\/www.lavillak.com\/de\/#\/schema\/person\/93fc73edf32dc09895c36035d9bb7956"},"headline":"Das Sundgau mit dem Fahrrad, nutzen Sie unsere elektrischen Fahrr\u00e4der!","datePublished":"2019-01-17T08:15:39+00:00","mainEntityOfPage":{"@id":"https:\/\/www.lavillak.com\/de\/neuigkeiten\/das-sundgau-mit-dem-fahrrad-nutzen-sie-unsere-elektrischen-fahrraeder\/"},"wordCount":295,"publisher":{"@id":"https:\/\/www.lavillak.com\/de\/#organization"},"image":{"@id":"https:\/\/www.lavillak.com\/de\/neuigkeiten\/das-sundgau-mit-dem-fahrrad-nutzen-sie-unsere-elektrischen-fahrraeder\/#primaryimage"},"thumbnailUrl":"https:\/\/www.lavillak.com\/wp-inside\/uploads\/2021\/05\/velo-electrique-sundgau.jpg","articleSection":["Neuigkeiten"],"inLanguage":"de"},{"@type":"WebPage","@id":"https:\/\/www.lavillak.com\/de\/neuigkeiten\/das-sundgau-mit-dem-fahrrad-nutzen-sie-unsere-elektrischen-fahrraeder\/","url":"https:\/\/www.lavillak.com\/de\/neuigkeiten\/das-sundgau-mit-dem-fahrrad-nutzen-sie-unsere-elektrischen-fahrraeder\/","name":"Das Sundgau mit dem Fahrrad, nutzen Sie unsere elektrischen Fahrr\u00e4der!","isPartOf":{"@id":"https:\/\/www.lavillak.com\/de\/#website"},"primaryImageOfPage":{"@id":"https:\/\/www.lavillak.com\/de\/neuigkeiten\/das-sundgau-mit-dem-fahrrad-nutzen-sie-unsere-elektrischen-fahrraeder\/#primaryimage"},"image":{"@id":"https:\/\/www.lavillak.com\/de\/neuigkeiten\/das-sundgau-mit-dem-fahrrad-nutzen-sie-unsere-elektrischen-fahrraeder\/#primaryimage"},"thumbnailUrl":"https:\/\/www.lavillak.com\/wp-inside\/uploads\/2021\/05\/velo-electrique-sundgau.jpg","datePublished":"2019-01-17T08:15:39+00:00","breadcrumb":{"@id":"https:\/\/www.lavillak.com\/de\/neuigkeiten\/das-sundgau-mit-dem-fahrrad-nutzen-sie-unsere-elektrischen-fahrraeder\/#breadcrumb"},"inLanguage":"de","potentialAction":[{"@type":"ReadAction","target":["https:\/\/www.lavillak.com\/de\/neuigkeiten\/das-sundgau-mit-dem-fahrrad-nutzen-sie-unsere-elektrischen-fahrraeder\/"]}]},{"@type":"ImageObject","inLanguage":"de","@id":"https:\/\/www.lavillak.com\/de\/neuigkeiten\/das-sundgau-mit-dem-fahrrad-nutzen-sie-unsere-elektrischen-fahrraeder\/#primaryimage","url":"https:\/\/www.lavillak.com\/wp-inside\/uploads\/2021\/05\/velo-electrique-sundgau.jpg","contentUrl":"https:\/\/www.lavillak.com\/wp-inside\/uploads\/2021\/05\/velo-electrique-sundgau.jpg","width":1012,"height":746,"caption":"velo-electrique-sundgau"},{"@type":"BreadcrumbList","@id":"https:\/\/www.lavillak.com\/de\/neuigkeiten\/das-sundgau-mit-dem-fahrrad-nutzen-sie-unsere-elektrischen-fahrraeder\/#breadcrumb","itemListElement":[{"@type":"ListItem","position":1,"name":"Home","item":"https:\/\/www.lavillak.com\/de\/"},{"@type":"ListItem","position":2,"name":"Neuigkeiten","item":"https:\/\/www.lavillak.com\/de\/neuigkeiten\/"},{"@type":"ListItem","position":3,"name":"Das Sundgau mit dem Fahrrad, nutzen Sie unsere elektrischen Fahrr\u00e4der!"}]},{"@type":"WebSite","@id":"https:\/\/www.lavillak.com\/de\/#website","url":"https:\/\/www.lavillak.com\/de\/","name":"La Villa K","description":"H\u00f4tel Spa Restaurant 4 \u00e9toiles","publisher":{"@id":"https:\/\/www.lavillak.com\/de\/#organization"},"potentialAction":[{"@type":"SearchAction","target":{"@type":"EntryPoint","urlTemplate":"https:\/\/www.lavillak.com\/de\/?s={search_term_string}"},"query-input":{"@type":"PropertyValueSpecification","valueRequired":true,"valueName":"search_term_string"}}],"inLanguage":"de"},{"@type":"Organization","@id":"https:\/\/www.lavillak.com\/de\/#organization","name":"La Villa K","url":"https:\/\/www.lavillak.com\/de\/","logo":{"@type":"ImageObject","inLanguage":"de","@id":"https:\/\/www.lavillak.com\/de\/#\/schema\/logo\/image\/","url":"https:\/\/www.lavillak.com\/wp-inside\/uploads\/2021\/05\/logo-hotel-lavillak-230x144_2x.png","contentUrl":"https:\/\/www.lavillak.com\/wp-inside\/uploads\/2021\/05\/logo-hotel-lavillak-230x144_2x.png","width":460,"height":288,"caption":"La Villa K"},"image":{"@id":"https:\/\/www.lavillak.com\/de\/#\/schema\/logo\/image\/"},"sameAs":["https:\/\/www.facebook.com\/lavillak\/","https:\/\/www.instagram.com\/hotellavillak\/","https:\/\/fr.pinterest.com\/hotellavillaket\/"]},{"@type":"Person","@id":"https:\/\/www.lavillak.com\/de\/#\/schema\/person\/93fc73edf32dc09895c36035d9bb7956","name":"Premi\u00e8re Place","image":{"@type":"ImageObject","inLanguage":"de","@id":"https:\/\/secure.gravatar.com\/avatar\/5091af20ac2a44cb521992f13fec8a09deb308a5b721983dec39b595a5302c6a?s=96&d=mm&r=g","url":"https:\/\/secure.gravatar.com\/avatar\/5091af20ac2a44cb521992f13fec8a09deb308a5b721983dec39b595a5302c6a?s=96&d=mm&r=g","contentUrl":"https:\/\/secure.gravatar.com\/avatar\/5091af20ac2a44cb521992f13fec8a09deb308a5b721983dec39b595a5302c6a?s=96&d=mm&r=g","caption":"Premi\u00e8re Place"}}]}},"_links":{"self":[{"href":"https:\/\/www.lavillak.com\/de\/wp-json\/wp\/v2\/posts\/15175","targetHints":{"allow":["GET"]}}],"collection":[{"href":"https:\/\/www.lavillak.com\/de\/wp-json\/wp\/v2\/posts"}],"about":[{"href":"https:\/\/www.lavillak.com\/de\/wp-json\/wp\/v2\/types\/post"}],"author":[{"embeddable":true,"href":"https:\/\/www.lavillak.com\/de\/wp-json\/wp\/v2\/users\/3"}],"replies":[{"embeddable":true,"href":"https:\/\/www.lavillak.com\/de\/wp-json\/wp\/v2\/comments?post=15175"}],"version-history":[{"count":0,"href":"https:\/\/www.lavillak.com\/de\/wp-json\/wp\/v2\/posts\/15175\/revisions"}],"wp:featuredmedia":[{"embeddable":true,"href":"https:\/\/www.lavillak.com\/de\/wp-json\/wp\/v2\/media\/13391"}],"wp:attachment":[{"href":"https:\/\/www.lavillak.com\/de\/wp-json\/wp\/v2\/media?parent=15175"}],"wp:term":[{"taxonomy":"category","embeddable":true,"href":"https:\/\/www.lavillak.com\/de\/wp-json\/wp\/v2\/categories?post=15175"},{"taxonomy":"post_tag","embeddable":true,"href":"https:\/\/www.lavillak.com\/de\/wp-json\/wp\/v2\/tags?post=15175"}],"curies":[{"name":"wp","href":"https:\/\/api.w.org\/{rel}","templated":true}]}}