{"id":15178,"date":"2019-01-17T10:41:30","date_gmt":"2019-01-17T09:41:30","guid":{"rendered":"https:\/\/www.lavillak.com\/neuigkeiten\/hotel-la-villa-k-in-der-naehe-von-basel-der-franzoesische-charme-und-attraktrive-tarife\/"},"modified":"2019-01-17T10:41:30","modified_gmt":"2019-01-17T09:41:30","slug":"hotel-la-villa-k-in-der-naehe-von-basel-der-franzoesische-charme-und-attraktrive-tarife","status":"publish","type":"post","link":"https:\/\/www.lavillak.com\/de\/neuigkeiten\/hotel-la-villa-k-in-der-naehe-von-basel-der-franzoesische-charme-und-attraktrive-tarife\/","title":{"rendered":"Hotel La Villa K in der n\u00e4he von Basel, der franz\u00f6sische Charme und attraktrive Tarife"},"content":{"rendered":"<p><img loading=\"lazy\" decoding=\"async\" class=\"aligncenter size-large wp-image-7595\" src=\"https:\/\/www.lavillak.com\/wp-inside\/uploads\/2021\/05\/hotel_lavillak_internet_18-800x534.jpg\" alt=\"hotel b\u00e2le\" width=\"800\" height=\"534\" \/><\/p>\n<p><strong>F\u00fcr einen privaten oder gesch\u00e4ftlichen Aufenhalt in Basel und Umgebung ist die Villa K ein zweckm\u00e4ssiges Hotel. Seit 2011 begr\u00fcsst unser 4 Sterne Hotel internationale gesch\u00e4ftliche G\u00e4ste ebenso wie Urlauber. Ideal gelegen (im s\u00fcdlichen Elsass, 5 Minuten von Basel) mit gehobenen Dienstleistungen in franz\u00f6sischen Tarifen erf\u00fcllt Ihnen unser Hotel-SPA alle W\u00fcnsche. Entdecken Sie die Villa K!<\/strong><\/p>\n<h2>Das Hotel und seine \u201eExtras\u201c<\/h2>\n<p>Eingebaut im Herzen eines alten typischen els\u00e4ssischen Geb\u00e4udes, bietet das Hotel mit seinen Designer M\u00f6beln und moderner Dekoration, einen einzigartigen Rahmen f\u00fcr unsere gesch\u00e4ftlichen und privaten G\u00e4ste. Eine gelungene Mischung zwischen Gesch\u00e4ftshotel und Unterhaltungshotel.<\/p>\n<p><img loading=\"lazy\" decoding=\"async\" class=\"aligncenter size-large wp-image-7598\" src=\"https:\/\/www.lavillak.com\/wp-inside\/uploads\/2021\/05\/exec-k_5228-800x533.jpg\" alt=\"hotel b\u00e2le\" width=\"800\" height=\"533\" \/><\/p>\n<p>Viele Besonderheiten vereinigen sich in der Villa K: zuerst sein hoher Standart, mit dem intimen SPA Bereich (Sauna, Hammam, Jacuzzi, Massagekabinen) die man auch privat mieten kann. Sein aussergew\u00f6hnliches Restaurant: Le Bistro La Cave ist schnell ein absolutes Muss f\u00fcr Geniesser geworden. Entdecken Sie eine ungew\u00f6hnliche K\u00fcche die saisonal wechselt, mit einem besonderen Wein, ausgesucht von dem Weinkeller Au Monde du Vin (Saint Louis). Themenabende und Kostproben mit Wein und Zigarren werden regelm\u00e4ssig angeboten.<\/p>\n<p>Die Villa K zeichnet sich ebenfalls durch Angebote f\u00fcr Jedermann, bis ins kleinste Detail, aus:<br \/>\nVermietung von elektrischen Fahrr\u00e4der um die Umgebung zu erkunden, eine Aufladestation f\u00fcr elektrisch betriebene Fahrzeuge, eine W\u00e4scherei, bei Nachfrage auch Angebote von externen Dienstleistungen (Friseur, Reflexzonenmassage&#8230;.) und vieles mehr.<\/p>\n<p>Die Villa K ist ein Hotel\/SPA modern, die Dekoration vereint sich mit regelm\u00e4ssig wechselnden Kunstgegenst\u00e4nden. Einheimische K\u00fcnstler stellen ihre Werke vor.<\/p>\n<p><img loading=\"lazy\" decoding=\"async\" class=\"aligncenter size-large wp-image-7601\" src=\"https:\/\/www.lavillak.com\/wp-inside\/uploads\/2021\/05\/executive-k-800x533.jpg\" alt=\"hotel b\u00e2le\" width=\"800\" height=\"533\" \/><\/p>\n<h2>Ideal gelegen in der N\u00e4he von Basel<\/h2>\n<p>Das Hotel liegt in Saint Louis im s\u00fcdlichen Elsass, nur 5 Minuten von der deutschen und schweizer Grenze. Sie k\u00f6nnen Basel oder Weil am Rhein mit dem Auto, Fahrrad oder \u00f6ffentlichen Verkehrsmitteln erreichen. F\u00fcr Gesch\u00e4ftsleute liegt das Hotel in der unmittelbaren N\u00e4he zu den wichtigen internationalen Gewerbegebieten (Huningue, Basel&#8230;).<\/p>\n<p>Die N\u00e4he des Flughafens Basel\/Mulhouse (EuroAirport) 5 Autominuten vom Hotel entfernt, erleichtert die Anreise f\u00fcr gesch\u00e4ftliche oder privat Anreisende. Die Villa K bieten einen Abholdienst f\u00fcr An- und Abreise an, ebenso wie einen Parkplatz f\u00fcr kurze oder lange Aufenthalte.<\/p>\n<p><img loading=\"lazy\" decoding=\"async\" class=\"aligncenter size-large wp-image-2720\" src=\"https:\/\/www.lavillak.com\/wp-inside\/uploads\/2021\/05\/spa-la-villa-k-3-800x533.jpg\" alt=\"Spa la villa K\" width=\"800\" height=\"533\" \/><\/p>\n<p>Der freundliche Empfang in Frankreich, ja, aber auch sehr attraktive Angebote in unmittelbarer N\u00e4he zu Basel in der Schweiz!<\/p>\n<p><strong>F\u00fcr einen Aufenthalt in unserem Hotel, kontaktieren Sie die Rezeption unter +33 3 89 70 93 40.<\/strong><\/p>\n","protected":false},"excerpt":{"rendered":"<p>F\u00fcr einen privaten oder gesch\u00e4ftlichen Aufenhalt in Basel und Umgebung ist die Villa K ein zweckm\u00e4ssiges Hotel. Seit 2011 begr\u00fcsst unser 4 Sterne Hotel internationale gesch\u00e4ftliche G\u00e4ste ebenso wie Urlauber. [&hellip;]<\/p>\n","protected":false},"author":3,"featured_media":11902,"comment_status":"closed","ping_status":"closed","sticky":false,"template":"","format":"standard","meta":{"_acf_changed":false,"footnotes":""},"categories":[2],"tags":[],"class_list":["post-15178","post","type-post","status-publish","format-standard","has-post-thumbnail","hentry","category-neuigkeiten","wp-sticky"],"acf":[],"yoast_head":"<!-- This site is optimized with the Yoast SEO plugin v27.5 - https:\/\/yoast.com\/product\/yoast-seo-wordpress\/ -->\n<title>Hotel La Villa K in der n\u00e4he von Basel, der franz\u00f6sische Charme und attraktrive Tarife<\/title>\n<meta name=\"robots\" content=\"index, follow, max-snippet:-1, max-image-preview:large, max-video-preview:-1\" \/>\n<link rel=\"canonical\" href=\"https:\/\/www.lavillak.com\/de\/neuigkeiten\/hotel-la-villa-k-in-der-naehe-von-basel-der-franzoesische-charme-und-attraktrive-tarife\/\" \/>\n<meta property=\"og:locale\" content=\"de_DE\" \/>\n<meta property=\"og:type\" content=\"article\" \/>\n<meta property=\"og:title\" content=\"Hotel La Villa K in der n\u00e4he von Basel, der franz\u00f6sische Charme und attraktrive Tarife\" \/>\n<meta property=\"og:description\" content=\"F\u00fcr einen privaten oder gesch\u00e4ftlichen Aufenhalt in Basel und Umgebung ist die Villa K ein zweckm\u00e4ssiges Hotel. Seit 2011 begr\u00fcsst unser 4 Sterne Hotel internationale gesch\u00e4ftliche G\u00e4ste ebenso wie Urlauber. [&hellip;]\" \/>\n<meta property=\"og:url\" content=\"https:\/\/www.lavillak.com\/de\/neuigkeiten\/hotel-la-villa-k-in-der-naehe-von-basel-der-franzoesische-charme-und-attraktrive-tarife\/\" \/>\n<meta property=\"og:site_name\" content=\"La Villa K\" \/>\n<meta property=\"article:publisher\" content=\"https:\/\/www.facebook.com\/lavillak\/\" \/>\n<meta property=\"article:published_time\" content=\"2019-01-17T09:41:30+00:00\" \/>\n<meta property=\"og:image\" content=\"https:\/\/www.lavillak.com\/wp-inside\/uploads\/2021\/05\/f17a0602.jpg\" \/>\n\t<meta property=\"og:image:width\" content=\"1620\" \/>\n\t<meta property=\"og:image:height\" content=\"1080\" \/>\n\t<meta property=\"og:image:type\" content=\"image\/jpeg\" \/>\n<meta name=\"author\" content=\"Premi\u00e8re Place\" \/>\n<meta name=\"twitter:card\" content=\"summary_large_image\" \/>\n<meta name=\"twitter:label1\" content=\"Verfasst von\" \/>\n\t<meta name=\"twitter:data1\" content=\"Premi\u00e8re Place\" \/>\n\t<meta name=\"twitter:label2\" content=\"Gesch\u00e4tzte Lesezeit\" \/>\n\t<meta name=\"twitter:data2\" content=\"2\u00a0Minuten\" \/>\n<script type=\"application\/ld+json\" class=\"yoast-schema-graph\">{\"@context\":\"https:\\\/\\\/schema.org\",\"@graph\":[{\"@type\":\"NewsArticle\",\"@id\":\"https:\\\/\\\/www.lavillak.com\\\/de\\\/neuigkeiten\\\/hotel-la-villa-k-in-der-naehe-von-basel-der-franzoesische-charme-und-attraktrive-tarife\\\/#article\",\"isPartOf\":{\"@id\":\"https:\\\/\\\/www.lavillak.com\\\/de\\\/neuigkeiten\\\/hotel-la-villa-k-in-der-naehe-von-basel-der-franzoesische-charme-und-attraktrive-tarife\\\/\"},\"author\":{\"name\":\"Premi\u00e8re Place\",\"@id\":\"https:\\\/\\\/www.lavillak.com\\\/de\\\/#\\\/schema\\\/person\\\/93fc73edf32dc09895c36035d9bb7956\"},\"headline\":\"Hotel La Villa K in der n\u00e4he von Basel, der franz\u00f6sische Charme und attraktrive Tarife\",\"datePublished\":\"2019-01-17T09:41:30+00:00\",\"mainEntityOfPage\":{\"@id\":\"https:\\\/\\\/www.lavillak.com\\\/de\\\/neuigkeiten\\\/hotel-la-villa-k-in-der-naehe-von-basel-der-franzoesische-charme-und-attraktrive-tarife\\\/\"},\"wordCount\":415,\"publisher\":{\"@id\":\"https:\\\/\\\/www.lavillak.com\\\/de\\\/#organization\"},\"image\":{\"@id\":\"https:\\\/\\\/www.lavillak.com\\\/de\\\/neuigkeiten\\\/hotel-la-villa-k-in-der-naehe-von-basel-der-franzoesische-charme-und-attraktrive-tarife\\\/#primaryimage\"},\"thumbnailUrl\":\"https:\\\/\\\/www.lavillak.com\\\/wp-inside\\\/uploads\\\/2021\\\/05\\\/f17a0602.jpg\",\"articleSection\":[\"Neuigkeiten\"],\"inLanguage\":\"de\"},{\"@type\":\"WebPage\",\"@id\":\"https:\\\/\\\/www.lavillak.com\\\/de\\\/neuigkeiten\\\/hotel-la-villa-k-in-der-naehe-von-basel-der-franzoesische-charme-und-attraktrive-tarife\\\/\",\"url\":\"https:\\\/\\\/www.lavillak.com\\\/de\\\/neuigkeiten\\\/hotel-la-villa-k-in-der-naehe-von-basel-der-franzoesische-charme-und-attraktrive-tarife\\\/\",\"name\":\"Hotel La Villa K in der n\u00e4he von Basel, der franz\u00f6sische Charme und attraktrive Tarife\",\"isPartOf\":{\"@id\":\"https:\\\/\\\/www.lavillak.com\\\/de\\\/#website\"},\"primaryImageOfPage\":{\"@id\":\"https:\\\/\\\/www.lavillak.com\\\/de\\\/neuigkeiten\\\/hotel-la-villa-k-in-der-naehe-von-basel-der-franzoesische-charme-und-attraktrive-tarife\\\/#primaryimage\"},\"image\":{\"@id\":\"https:\\\/\\\/www.lavillak.com\\\/de\\\/neuigkeiten\\\/hotel-la-villa-k-in-der-naehe-von-basel-der-franzoesische-charme-und-attraktrive-tarife\\\/#primaryimage\"},\"thumbnailUrl\":\"https:\\\/\\\/www.lavillak.com\\\/wp-inside\\\/uploads\\\/2021\\\/05\\\/f17a0602.jpg\",\"datePublished\":\"2019-01-17T09:41:30+00:00\",\"breadcrumb\":{\"@id\":\"https:\\\/\\\/www.lavillak.com\\\/de\\\/neuigkeiten\\\/hotel-la-villa-k-in-der-naehe-von-basel-der-franzoesische-charme-und-attraktrive-tarife\\\/#breadcrumb\"},\"inLanguage\":\"de\",\"potentialAction\":[{\"@type\":\"ReadAction\",\"target\":[\"https:\\\/\\\/www.lavillak.com\\\/de\\\/neuigkeiten\\\/hotel-la-villa-k-in-der-naehe-von-basel-der-franzoesische-charme-und-attraktrive-tarife\\\/\"]}]},{\"@type\":\"ImageObject\",\"inLanguage\":\"de\",\"@id\":\"https:\\\/\\\/www.lavillak.com\\\/de\\\/neuigkeiten\\\/hotel-la-villa-k-in-der-naehe-von-basel-der-franzoesische-charme-und-attraktrive-tarife\\\/#primaryimage\",\"url\":\"https:\\\/\\\/www.lavillak.com\\\/wp-inside\\\/uploads\\\/2021\\\/05\\\/f17a0602.jpg\",\"contentUrl\":\"https:\\\/\\\/www.lavillak.com\\\/wp-inside\\\/uploads\\\/2021\\\/05\\\/f17a0602.jpg\",\"width\":1620,\"height\":1080,\"caption\":\"h\u00f4tel alsace\"},{\"@type\":\"BreadcrumbList\",\"@id\":\"https:\\\/\\\/www.lavillak.com\\\/de\\\/neuigkeiten\\\/hotel-la-villa-k-in-der-naehe-von-basel-der-franzoesische-charme-und-attraktrive-tarife\\\/#breadcrumb\",\"itemListElement\":[{\"@type\":\"ListItem\",\"position\":1,\"name\":\"Home\",\"item\":\"https:\\\/\\\/www.lavillak.com\\\/de\\\/\"},{\"@type\":\"ListItem\",\"position\":2,\"name\":\"Neuigkeiten\",\"item\":\"https:\\\/\\\/www.lavillak.com\\\/de\\\/neuigkeiten\\\/\"},{\"@type\":\"ListItem\",\"position\":3,\"name\":\"Hotel La Villa K in der n\u00e4he von Basel, der franz\u00f6sische Charme und attraktrive Tarife\"}]},{\"@type\":\"WebSite\",\"@id\":\"https:\\\/\\\/www.lavillak.com\\\/de\\\/#website\",\"url\":\"https:\\\/\\\/www.lavillak.com\\\/de\\\/\",\"name\":\"La Villa K\",\"description\":\"H\u00f4tel Spa Restaurant 4 \u00e9toiles\",\"publisher\":{\"@id\":\"https:\\\/\\\/www.lavillak.com\\\/de\\\/#organization\"},\"potentialAction\":[{\"@type\":\"SearchAction\",\"target\":{\"@type\":\"EntryPoint\",\"urlTemplate\":\"https:\\\/\\\/www.lavillak.com\\\/de\\\/?s={search_term_string}\"},\"query-input\":{\"@type\":\"PropertyValueSpecification\",\"valueRequired\":true,\"valueName\":\"search_term_string\"}}],\"inLanguage\":\"de\"},{\"@type\":\"Organization\",\"@id\":\"https:\\\/\\\/www.lavillak.com\\\/de\\\/#organization\",\"name\":\"La Villa K\",\"url\":\"https:\\\/\\\/www.lavillak.com\\\/de\\\/\",\"logo\":{\"@type\":\"ImageObject\",\"inLanguage\":\"de\",\"@id\":\"https:\\\/\\\/www.lavillak.com\\\/de\\\/#\\\/schema\\\/logo\\\/image\\\/\",\"url\":\"https:\\\/\\\/www.lavillak.com\\\/wp-inside\\\/uploads\\\/2021\\\/05\\\/logo-hotel-lavillak-230x144_2x.png\",\"contentUrl\":\"https:\\\/\\\/www.lavillak.com\\\/wp-inside\\\/uploads\\\/2021\\\/05\\\/logo-hotel-lavillak-230x144_2x.png\",\"width\":460,\"height\":288,\"caption\":\"La Villa K\"},\"image\":{\"@id\":\"https:\\\/\\\/www.lavillak.com\\\/de\\\/#\\\/schema\\\/logo\\\/image\\\/\"},\"sameAs\":[\"https:\\\/\\\/www.facebook.com\\\/lavillak\\\/\",\"https:\\\/\\\/www.instagram.com\\\/hotellavillak\\\/\",\"https:\\\/\\\/fr.pinterest.com\\\/hotellavillaket\\\/\"]},{\"@type\":\"Person\",\"@id\":\"https:\\\/\\\/www.lavillak.com\\\/de\\\/#\\\/schema\\\/person\\\/93fc73edf32dc09895c36035d9bb7956\",\"name\":\"Premi\u00e8re Place\",\"image\":{\"@type\":\"ImageObject\",\"inLanguage\":\"de\",\"@id\":\"https:\\\/\\\/secure.gravatar.com\\\/avatar\\\/5091af20ac2a44cb521992f13fec8a09deb308a5b721983dec39b595a5302c6a?s=96&d=mm&r=g\",\"url\":\"https:\\\/\\\/secure.gravatar.com\\\/avatar\\\/5091af20ac2a44cb521992f13fec8a09deb308a5b721983dec39b595a5302c6a?s=96&d=mm&r=g\",\"contentUrl\":\"https:\\\/\\\/secure.gravatar.com\\\/avatar\\\/5091af20ac2a44cb521992f13fec8a09deb308a5b721983dec39b595a5302c6a?s=96&d=mm&r=g\",\"caption\":\"Premi\u00e8re Place\"}}]}<\/script>\n<!-- \/ Yoast SEO plugin. -->","yoast_head_json":{"title":"Hotel La Villa K in der n\u00e4he von Basel, der franz\u00f6sische Charme und attraktrive Tarife","robots":{"index":"index","follow":"follow","max-snippet":"max-snippet:-1","max-image-preview":"max-image-preview:large","max-video-preview":"max-video-preview:-1"},"canonical":"https:\/\/www.lavillak.com\/de\/neuigkeiten\/hotel-la-villa-k-in-der-naehe-von-basel-der-franzoesische-charme-und-attraktrive-tarife\/","og_locale":"de_DE","og_type":"article","og_title":"Hotel La Villa K in der n\u00e4he von Basel, der franz\u00f6sische Charme und attraktrive Tarife","og_description":"F\u00fcr einen privaten oder gesch\u00e4ftlichen Aufenhalt in Basel und Umgebung ist die Villa K ein zweckm\u00e4ssiges Hotel. Seit 2011 begr\u00fcsst unser 4 Sterne Hotel internationale gesch\u00e4ftliche G\u00e4ste ebenso wie Urlauber. [&hellip;]","og_url":"https:\/\/www.lavillak.com\/de\/neuigkeiten\/hotel-la-villa-k-in-der-naehe-von-basel-der-franzoesische-charme-und-attraktrive-tarife\/","og_site_name":"La Villa K","article_publisher":"https:\/\/www.facebook.com\/lavillak\/","article_published_time":"2019-01-17T09:41:30+00:00","og_image":[{"width":1620,"height":1080,"url":"https:\/\/www.lavillak.com\/wp-inside\/uploads\/2021\/05\/f17a0602.jpg","type":"image\/jpeg"}],"author":"Premi\u00e8re Place","twitter_card":"summary_large_image","twitter_misc":{"Verfasst von":"Premi\u00e8re Place","Gesch\u00e4tzte Lesezeit":"2\u00a0Minuten"},"schema":{"@context":"https:\/\/schema.org","@graph":[{"@type":"NewsArticle","@id":"https:\/\/www.lavillak.com\/de\/neuigkeiten\/hotel-la-villa-k-in-der-naehe-von-basel-der-franzoesische-charme-und-attraktrive-tarife\/#article","isPartOf":{"@id":"https:\/\/www.lavillak.com\/de\/neuigkeiten\/hotel-la-villa-k-in-der-naehe-von-basel-der-franzoesische-charme-und-attraktrive-tarife\/"},"author":{"name":"Premi\u00e8re Place","@id":"https:\/\/www.lavillak.com\/de\/#\/schema\/person\/93fc73edf32dc09895c36035d9bb7956"},"headline":"Hotel La Villa K in der n\u00e4he von Basel, der franz\u00f6sische Charme und attraktrive Tarife","datePublished":"2019-01-17T09:41:30+00:00","mainEntityOfPage":{"@id":"https:\/\/www.lavillak.com\/de\/neuigkeiten\/hotel-la-villa-k-in-der-naehe-von-basel-der-franzoesische-charme-und-attraktrive-tarife\/"},"wordCount":415,"publisher":{"@id":"https:\/\/www.lavillak.com\/de\/#organization"},"image":{"@id":"https:\/\/www.lavillak.com\/de\/neuigkeiten\/hotel-la-villa-k-in-der-naehe-von-basel-der-franzoesische-charme-und-attraktrive-tarife\/#primaryimage"},"thumbnailUrl":"https:\/\/www.lavillak.com\/wp-inside\/uploads\/2021\/05\/f17a0602.jpg","articleSection":["Neuigkeiten"],"inLanguage":"de"},{"@type":"WebPage","@id":"https:\/\/www.lavillak.com\/de\/neuigkeiten\/hotel-la-villa-k-in-der-naehe-von-basel-der-franzoesische-charme-und-attraktrive-tarife\/","url":"https:\/\/www.lavillak.com\/de\/neuigkeiten\/hotel-la-villa-k-in-der-naehe-von-basel-der-franzoesische-charme-und-attraktrive-tarife\/","name":"Hotel La Villa K in der n\u00e4he von Basel, der franz\u00f6sische Charme und attraktrive Tarife","isPartOf":{"@id":"https:\/\/www.lavillak.com\/de\/#website"},"primaryImageOfPage":{"@id":"https:\/\/www.lavillak.com\/de\/neuigkeiten\/hotel-la-villa-k-in-der-naehe-von-basel-der-franzoesische-charme-und-attraktrive-tarife\/#primaryimage"},"image":{"@id":"https:\/\/www.lavillak.com\/de\/neuigkeiten\/hotel-la-villa-k-in-der-naehe-von-basel-der-franzoesische-charme-und-attraktrive-tarife\/#primaryimage"},"thumbnailUrl":"https:\/\/www.lavillak.com\/wp-inside\/uploads\/2021\/05\/f17a0602.jpg","datePublished":"2019-01-17T09:41:30+00:00","breadcrumb":{"@id":"https:\/\/www.lavillak.com\/de\/neuigkeiten\/hotel-la-villa-k-in-der-naehe-von-basel-der-franzoesische-charme-und-attraktrive-tarife\/#breadcrumb"},"inLanguage":"de","potentialAction":[{"@type":"ReadAction","target":["https:\/\/www.lavillak.com\/de\/neuigkeiten\/hotel-la-villa-k-in-der-naehe-von-basel-der-franzoesische-charme-und-attraktrive-tarife\/"]}]},{"@type":"ImageObject","inLanguage":"de","@id":"https:\/\/www.lavillak.com\/de\/neuigkeiten\/hotel-la-villa-k-in-der-naehe-von-basel-der-franzoesische-charme-und-attraktrive-tarife\/#primaryimage","url":"https:\/\/www.lavillak.com\/wp-inside\/uploads\/2021\/05\/f17a0602.jpg","contentUrl":"https:\/\/www.lavillak.com\/wp-inside\/uploads\/2021\/05\/f17a0602.jpg","width":1620,"height":1080,"caption":"h\u00f4tel alsace"},{"@type":"BreadcrumbList","@id":"https:\/\/www.lavillak.com\/de\/neuigkeiten\/hotel-la-villa-k-in-der-naehe-von-basel-der-franzoesische-charme-und-attraktrive-tarife\/#breadcrumb","itemListElement":[{"@type":"ListItem","position":1,"name":"Home","item":"https:\/\/www.lavillak.com\/de\/"},{"@type":"ListItem","position":2,"name":"Neuigkeiten","item":"https:\/\/www.lavillak.com\/de\/neuigkeiten\/"},{"@type":"ListItem","position":3,"name":"Hotel La Villa K in der n\u00e4he von Basel, der franz\u00f6sische Charme und attraktrive Tarife"}]},{"@type":"WebSite","@id":"https:\/\/www.lavillak.com\/de\/#website","url":"https:\/\/www.lavillak.com\/de\/","name":"La Villa K","description":"H\u00f4tel Spa Restaurant 4 \u00e9toiles","publisher":{"@id":"https:\/\/www.lavillak.com\/de\/#organization"},"potentialAction":[{"@type":"SearchAction","target":{"@type":"EntryPoint","urlTemplate":"https:\/\/www.lavillak.com\/de\/?s={search_term_string}"},"query-input":{"@type":"PropertyValueSpecification","valueRequired":true,"valueName":"search_term_string"}}],"inLanguage":"de"},{"@type":"Organization","@id":"https:\/\/www.lavillak.com\/de\/#organization","name":"La Villa K","url":"https:\/\/www.lavillak.com\/de\/","logo":{"@type":"ImageObject","inLanguage":"de","@id":"https:\/\/www.lavillak.com\/de\/#\/schema\/logo\/image\/","url":"https:\/\/www.lavillak.com\/wp-inside\/uploads\/2021\/05\/logo-hotel-lavillak-230x144_2x.png","contentUrl":"https:\/\/www.lavillak.com\/wp-inside\/uploads\/2021\/05\/logo-hotel-lavillak-230x144_2x.png","width":460,"height":288,"caption":"La Villa K"},"image":{"@id":"https:\/\/www.lavillak.com\/de\/#\/schema\/logo\/image\/"},"sameAs":["https:\/\/www.facebook.com\/lavillak\/","https:\/\/www.instagram.com\/hotellavillak\/","https:\/\/fr.pinterest.com\/hotellavillaket\/"]},{"@type":"Person","@id":"https:\/\/www.lavillak.com\/de\/#\/schema\/person\/93fc73edf32dc09895c36035d9bb7956","name":"Premi\u00e8re Place","image":{"@type":"ImageObject","inLanguage":"de","@id":"https:\/\/secure.gravatar.com\/avatar\/5091af20ac2a44cb521992f13fec8a09deb308a5b721983dec39b595a5302c6a?s=96&d=mm&r=g","url":"https:\/\/secure.gravatar.com\/avatar\/5091af20ac2a44cb521992f13fec8a09deb308a5b721983dec39b595a5302c6a?s=96&d=mm&r=g","contentUrl":"https:\/\/secure.gravatar.com\/avatar\/5091af20ac2a44cb521992f13fec8a09deb308a5b721983dec39b595a5302c6a?s=96&d=mm&r=g","caption":"Premi\u00e8re Place"}}]}},"_links":{"self":[{"href":"https:\/\/www.lavillak.com\/de\/wp-json\/wp\/v2\/posts\/15178","targetHints":{"allow":["GET"]}}],"collection":[{"href":"https:\/\/www.lavillak.com\/de\/wp-json\/wp\/v2\/posts"}],"about":[{"href":"https:\/\/www.lavillak.com\/de\/wp-json\/wp\/v2\/types\/post"}],"author":[{"embeddable":true,"href":"https:\/\/www.lavillak.com\/de\/wp-json\/wp\/v2\/users\/3"}],"replies":[{"embeddable":true,"href":"https:\/\/www.lavillak.com\/de\/wp-json\/wp\/v2\/comments?post=15178"}],"version-history":[{"count":0,"href":"https:\/\/www.lavillak.com\/de\/wp-json\/wp\/v2\/posts\/15178\/revisions"}],"wp:featuredmedia":[{"embeddable":true,"href":"https:\/\/www.lavillak.com\/de\/wp-json\/wp\/v2\/media\/11902"}],"wp:attachment":[{"href":"https:\/\/www.lavillak.com\/de\/wp-json\/wp\/v2\/media?parent=15178"}],"wp:term":[{"taxonomy":"category","embeddable":true,"href":"https:\/\/www.lavillak.com\/de\/wp-json\/wp\/v2\/categories?post=15178"},{"taxonomy":"post_tag","embeddable":true,"href":"https:\/\/www.lavillak.com\/de\/wp-json\/wp\/v2\/tags?post=15178"}],"curies":[{"name":"wp","href":"https:\/\/api.w.org\/{rel}","templated":true}]}}