{"id":15179,"date":"2019-01-17T10:52:07","date_gmt":"2019-01-17T09:52:07","guid":{"rendered":"https:\/\/www.lavillak.com\/neuigkeiten\/hotel-la-villa-k-mit-aufladestation-kommen-sie-mit-dem-tesla\/"},"modified":"2019-01-17T10:52:07","modified_gmt":"2019-01-17T09:52:07","slug":"hotel-la-villa-k-mit-aufladestation-kommen-sie-mit-dem-tesla","status":"publish","type":"post","link":"https:\/\/www.lavillak.com\/de\/neuigkeiten\/hotel-la-villa-k-mit-aufladestation-kommen-sie-mit-dem-tesla\/","title":{"rendered":"Hotel La Villa K**** mit Aufladestation: Kommen Sie mit dem Tesla"},"content":{"rendered":"<p><a href=\"https:\/\/www.lavillak.com\/wp-inside\/uploads\/2021\/05\/tesla.jpg\"><img loading=\"lazy\" decoding=\"async\" class=\"aligncenter size-full wp-image-5218\" src=\"https:\/\/www.lavillak.com\/wp-inside\/uploads\/2021\/05\/tesla.jpg\" alt=\"tesla\" width=\"486\" height=\"117\" \/><\/a><\/p>\n<p><strong>Um Ihren elektrischen Tesla aufzuladen, denken Sie an die Villa K. Sie sind in der Gegend unterwegs, gesch\u00e4ftlich, privat oder f\u00fcr eine andere Gelegenheit? \u00dcbernachten oder Essen Sie in der Villa K und nutzen Sie so Ihren Tesla aufzuladen.<\/strong><\/p>\n<h2>Ein Anschlussstecker f\u00fcr Tesla im s\u00fcdlichen Elsass<\/h2>\n<p>Das weltweite Aufladeprogramm f\u00fcr Tesla ist eine einfache und praktische M\u00f6glichkeit ihr Auto aufzuladen. Mit dieser Technologie k\u00f6nnen Sie ihr Auto bis zu 100 Kilometer pro Aufladestunde aufladen. Wir sind Stolz mit Tesla zu einem respektvollen und umweltfreundlichen Transport beisteuern zu k\u00f6nnen.<\/p>\n<p>Sie planen eine weite Reise z.b. von den Niederlanden mit dem Auto bis ins Elsass? Sie wollen in die Schweiz oder nach Italien? Wir befinden uns im Hochrhein-Gebiet, an der Grenze zwischen Frankreich, der Schweiz und Deutschland. Eine ideale geographische Situation um eine gastronomische Pause einzulegen und Ihr elektrisches Auto aufzuladen.<\/p>\n<p>Sie wollen nach Basel oder Saint Louis und brauchen eine \u00dcbernachtungsm\u00f6glichkeit? Wir bieten Ihnen eine gute M\u00f6glichkeit ihr Auto in der N\u00e4he ihres Hotelzimmers aufzuladen.<\/p>\n<p><a href=\"https:\/\/www.lavillak.com\/wp-inside\/uploads\/2021\/05\/tesla-borne.jpg\"><img loading=\"lazy\" decoding=\"async\" class=\"aligncenter size-large wp-image-5219\" src=\"https:\/\/www.lavillak.com\/wp-inside\/uploads\/2021\/05\/tesla-borne-800x539.jpg\" alt=\"borne tesla alsace\" width=\"800\" height=\"539\" \/><\/a><\/p>\n<h2>Laden Sie Ihr elektrisches Auto und Ihre Batterien auf!<\/h2>\n<p>Mit der Tesla Aufladestation gewinnen Sie 100 Kilometer pro Aufladestunde. Halten Sie bei uns um Ihre Reise problemlos weiterzuf\u00fchren. In der Zwischenzeit, k\u00f6nnen Sie unseren SPA mit einer Massage, Sauna, Hammam oder einem Besuch in unserem Restaurant geniessen (Bistro und Weinkeller mit Terrasse).<\/p>\n<p>Sie haben vor l\u00e4nger im Elsass zu bleiben? Nutzen Sie den Vorteil unseres Parkplatzes und laden Sie Ihren Tesla vor Abreise wieder auf.<\/p>\n<p>Die Villa K liegt im Zentrum von Saint Louis. Die Ausstattung ist auf der einen Seite modern, aber auch authentisch (das Geb\u00e4ude ist von 1906!). Sie werden sich wohlf\u00fchlen.<\/p>\n<p><strong>Kontaktieren Sie uns wenn Sie mehr Informationen ben\u00f6tigen unter: +33 3 89 70 93 40.<\/strong><\/p>\n<p><strong>Hotel La Villa K und SPA, 1 rue de Lectoure, 68300 Saint Louis<br \/>\n(5 Minuten von Basel, Hochrhein-Gebiet, Elsass)<br \/>\n<\/strong><\/p>\n","protected":false},"excerpt":{"rendered":"<p>Um Ihren elektrischen Tesla aufzuladen, denken Sie an die Villa K. Sie sind in der Gegend unterwegs, gesch\u00e4ftlich, privat oder f\u00fcr eine andere Gelegenheit? \u00dcbernachten oder Essen Sie in der [&hellip;]<\/p>\n","protected":false},"author":3,"featured_media":12815,"comment_status":"closed","ping_status":"closed","sticky":false,"template":"","format":"standard","meta":{"_acf_changed":false,"footnotes":""},"categories":[2],"tags":[],"class_list":["post-15179","post","type-post","status-publish","format-standard","has-post-thumbnail","hentry","category-neuigkeiten","wp-sticky"],"acf":[],"yoast_head":"<!-- This site is optimized with the Yoast SEO plugin v27.5 - https:\/\/yoast.com\/product\/yoast-seo-wordpress\/ -->\n<title>Hotel La Villa K**** mit Aufladestation: Kommen Sie mit dem Tesla<\/title>\n<meta name=\"robots\" content=\"index, follow, max-snippet:-1, max-image-preview:large, max-video-preview:-1\" \/>\n<link rel=\"canonical\" href=\"https:\/\/www.lavillak.com\/de\/neuigkeiten\/hotel-la-villa-k-mit-aufladestation-kommen-sie-mit-dem-tesla\/\" \/>\n<meta property=\"og:locale\" content=\"de_DE\" \/>\n<meta property=\"og:type\" content=\"article\" \/>\n<meta property=\"og:title\" content=\"Hotel La Villa K**** mit Aufladestation: Kommen Sie mit dem Tesla\" \/>\n<meta property=\"og:description\" content=\"Um Ihren elektrischen Tesla aufzuladen, denken Sie an die Villa K. Sie sind in der Gegend unterwegs, gesch\u00e4ftlich, privat oder f\u00fcr eine andere Gelegenheit? \u00dcbernachten oder Essen Sie in der [&hellip;]\" \/>\n<meta property=\"og:url\" content=\"https:\/\/www.lavillak.com\/de\/neuigkeiten\/hotel-la-villa-k-mit-aufladestation-kommen-sie-mit-dem-tesla\/\" \/>\n<meta property=\"og:site_name\" content=\"La Villa K\" \/>\n<meta property=\"article:publisher\" content=\"https:\/\/www.facebook.com\/lavillak\/\" \/>\n<meta property=\"article:published_time\" content=\"2019-01-17T09:52:07+00:00\" \/>\n<meta property=\"og:image\" content=\"https:\/\/www.lavillak.com\/wp-inside\/uploads\/2021\/05\/tesla-borne.jpg\" \/>\n\t<meta property=\"og:image:width\" content=\"952\" \/>\n\t<meta property=\"og:image:height\" content=\"641\" \/>\n\t<meta property=\"og:image:type\" content=\"image\/jpeg\" \/>\n<meta name=\"author\" content=\"Premi\u00e8re Place\" \/>\n<meta name=\"twitter:card\" content=\"summary_large_image\" \/>\n<meta name=\"twitter:label1\" content=\"Verfasst von\" \/>\n\t<meta name=\"twitter:data1\" content=\"Premi\u00e8re Place\" \/>\n\t<meta name=\"twitter:label2\" content=\"Gesch\u00e4tzte Lesezeit\" \/>\n\t<meta name=\"twitter:data2\" content=\"2\u00a0Minuten\" \/>\n<script type=\"application\/ld+json\" class=\"yoast-schema-graph\">{\"@context\":\"https:\\\/\\\/schema.org\",\"@graph\":[{\"@type\":\"NewsArticle\",\"@id\":\"https:\\\/\\\/www.lavillak.com\\\/de\\\/neuigkeiten\\\/hotel-la-villa-k-mit-aufladestation-kommen-sie-mit-dem-tesla\\\/#article\",\"isPartOf\":{\"@id\":\"https:\\\/\\\/www.lavillak.com\\\/de\\\/neuigkeiten\\\/hotel-la-villa-k-mit-aufladestation-kommen-sie-mit-dem-tesla\\\/\"},\"author\":{\"name\":\"Premi\u00e8re Place\",\"@id\":\"https:\\\/\\\/www.lavillak.com\\\/de\\\/#\\\/schema\\\/person\\\/93fc73edf32dc09895c36035d9bb7956\"},\"headline\":\"Hotel La Villa K**** mit Aufladestation: Kommen Sie mit dem Tesla\",\"datePublished\":\"2019-01-17T09:52:07+00:00\",\"mainEntityOfPage\":{\"@id\":\"https:\\\/\\\/www.lavillak.com\\\/de\\\/neuigkeiten\\\/hotel-la-villa-k-mit-aufladestation-kommen-sie-mit-dem-tesla\\\/\"},\"wordCount\":319,\"publisher\":{\"@id\":\"https:\\\/\\\/www.lavillak.com\\\/de\\\/#organization\"},\"image\":{\"@id\":\"https:\\\/\\\/www.lavillak.com\\\/de\\\/neuigkeiten\\\/hotel-la-villa-k-mit-aufladestation-kommen-sie-mit-dem-tesla\\\/#primaryimage\"},\"thumbnailUrl\":\"https:\\\/\\\/www.lavillak.com\\\/wp-inside\\\/uploads\\\/2021\\\/05\\\/tesla-borne.jpg\",\"articleSection\":[\"Neuigkeiten\"],\"inLanguage\":\"de\"},{\"@type\":\"WebPage\",\"@id\":\"https:\\\/\\\/www.lavillak.com\\\/de\\\/neuigkeiten\\\/hotel-la-villa-k-mit-aufladestation-kommen-sie-mit-dem-tesla\\\/\",\"url\":\"https:\\\/\\\/www.lavillak.com\\\/de\\\/neuigkeiten\\\/hotel-la-villa-k-mit-aufladestation-kommen-sie-mit-dem-tesla\\\/\",\"name\":\"Hotel La Villa K**** mit Aufladestation: Kommen Sie mit dem Tesla\",\"isPartOf\":{\"@id\":\"https:\\\/\\\/www.lavillak.com\\\/de\\\/#website\"},\"primaryImageOfPage\":{\"@id\":\"https:\\\/\\\/www.lavillak.com\\\/de\\\/neuigkeiten\\\/hotel-la-villa-k-mit-aufladestation-kommen-sie-mit-dem-tesla\\\/#primaryimage\"},\"image\":{\"@id\":\"https:\\\/\\\/www.lavillak.com\\\/de\\\/neuigkeiten\\\/hotel-la-villa-k-mit-aufladestation-kommen-sie-mit-dem-tesla\\\/#primaryimage\"},\"thumbnailUrl\":\"https:\\\/\\\/www.lavillak.com\\\/wp-inside\\\/uploads\\\/2021\\\/05\\\/tesla-borne.jpg\",\"datePublished\":\"2019-01-17T09:52:07+00:00\",\"breadcrumb\":{\"@id\":\"https:\\\/\\\/www.lavillak.com\\\/de\\\/neuigkeiten\\\/hotel-la-villa-k-mit-aufladestation-kommen-sie-mit-dem-tesla\\\/#breadcrumb\"},\"inLanguage\":\"de\",\"potentialAction\":[{\"@type\":\"ReadAction\",\"target\":[\"https:\\\/\\\/www.lavillak.com\\\/de\\\/neuigkeiten\\\/hotel-la-villa-k-mit-aufladestation-kommen-sie-mit-dem-tesla\\\/\"]}]},{\"@type\":\"ImageObject\",\"inLanguage\":\"de\",\"@id\":\"https:\\\/\\\/www.lavillak.com\\\/de\\\/neuigkeiten\\\/hotel-la-villa-k-mit-aufladestation-kommen-sie-mit-dem-tesla\\\/#primaryimage\",\"url\":\"https:\\\/\\\/www.lavillak.com\\\/wp-inside\\\/uploads\\\/2021\\\/05\\\/tesla-borne.jpg\",\"contentUrl\":\"https:\\\/\\\/www.lavillak.com\\\/wp-inside\\\/uploads\\\/2021\\\/05\\\/tesla-borne.jpg\",\"width\":952,\"height\":641,\"caption\":\"tesla-borne\"},{\"@type\":\"BreadcrumbList\",\"@id\":\"https:\\\/\\\/www.lavillak.com\\\/de\\\/neuigkeiten\\\/hotel-la-villa-k-mit-aufladestation-kommen-sie-mit-dem-tesla\\\/#breadcrumb\",\"itemListElement\":[{\"@type\":\"ListItem\",\"position\":1,\"name\":\"Home\",\"item\":\"https:\\\/\\\/www.lavillak.com\\\/de\\\/\"},{\"@type\":\"ListItem\",\"position\":2,\"name\":\"Neuigkeiten\",\"item\":\"https:\\\/\\\/www.lavillak.com\\\/de\\\/neuigkeiten\\\/\"},{\"@type\":\"ListItem\",\"position\":3,\"name\":\"Hotel La Villa K**** mit Aufladestation: Kommen Sie mit dem Tesla\"}]},{\"@type\":\"WebSite\",\"@id\":\"https:\\\/\\\/www.lavillak.com\\\/de\\\/#website\",\"url\":\"https:\\\/\\\/www.lavillak.com\\\/de\\\/\",\"name\":\"La Villa K\",\"description\":\"H\u00f4tel Spa Restaurant 4 \u00e9toiles\",\"publisher\":{\"@id\":\"https:\\\/\\\/www.lavillak.com\\\/de\\\/#organization\"},\"potentialAction\":[{\"@type\":\"SearchAction\",\"target\":{\"@type\":\"EntryPoint\",\"urlTemplate\":\"https:\\\/\\\/www.lavillak.com\\\/de\\\/?s={search_term_string}\"},\"query-input\":{\"@type\":\"PropertyValueSpecification\",\"valueRequired\":true,\"valueName\":\"search_term_string\"}}],\"inLanguage\":\"de\"},{\"@type\":\"Organization\",\"@id\":\"https:\\\/\\\/www.lavillak.com\\\/de\\\/#organization\",\"name\":\"La Villa K\",\"url\":\"https:\\\/\\\/www.lavillak.com\\\/de\\\/\",\"logo\":{\"@type\":\"ImageObject\",\"inLanguage\":\"de\",\"@id\":\"https:\\\/\\\/www.lavillak.com\\\/de\\\/#\\\/schema\\\/logo\\\/image\\\/\",\"url\":\"https:\\\/\\\/www.lavillak.com\\\/wp-inside\\\/uploads\\\/2021\\\/05\\\/logo-hotel-lavillak-230x144_2x.png\",\"contentUrl\":\"https:\\\/\\\/www.lavillak.com\\\/wp-inside\\\/uploads\\\/2021\\\/05\\\/logo-hotel-lavillak-230x144_2x.png\",\"width\":460,\"height\":288,\"caption\":\"La Villa K\"},\"image\":{\"@id\":\"https:\\\/\\\/www.lavillak.com\\\/de\\\/#\\\/schema\\\/logo\\\/image\\\/\"},\"sameAs\":[\"https:\\\/\\\/www.facebook.com\\\/lavillak\\\/\",\"https:\\\/\\\/www.instagram.com\\\/hotellavillak\\\/\",\"https:\\\/\\\/fr.pinterest.com\\\/hotellavillaket\\\/\"]},{\"@type\":\"Person\",\"@id\":\"https:\\\/\\\/www.lavillak.com\\\/de\\\/#\\\/schema\\\/person\\\/93fc73edf32dc09895c36035d9bb7956\",\"name\":\"Premi\u00e8re Place\",\"image\":{\"@type\":\"ImageObject\",\"inLanguage\":\"de\",\"@id\":\"https:\\\/\\\/secure.gravatar.com\\\/avatar\\\/5091af20ac2a44cb521992f13fec8a09deb308a5b721983dec39b595a5302c6a?s=96&d=mm&r=g\",\"url\":\"https:\\\/\\\/secure.gravatar.com\\\/avatar\\\/5091af20ac2a44cb521992f13fec8a09deb308a5b721983dec39b595a5302c6a?s=96&d=mm&r=g\",\"contentUrl\":\"https:\\\/\\\/secure.gravatar.com\\\/avatar\\\/5091af20ac2a44cb521992f13fec8a09deb308a5b721983dec39b595a5302c6a?s=96&d=mm&r=g\",\"caption\":\"Premi\u00e8re Place\"}}]}<\/script>\n<!-- \/ Yoast SEO plugin. -->","yoast_head_json":{"title":"Hotel La Villa K**** mit Aufladestation: Kommen Sie mit dem Tesla","robots":{"index":"index","follow":"follow","max-snippet":"max-snippet:-1","max-image-preview":"max-image-preview:large","max-video-preview":"max-video-preview:-1"},"canonical":"https:\/\/www.lavillak.com\/de\/neuigkeiten\/hotel-la-villa-k-mit-aufladestation-kommen-sie-mit-dem-tesla\/","og_locale":"de_DE","og_type":"article","og_title":"Hotel La Villa K**** mit Aufladestation: Kommen Sie mit dem Tesla","og_description":"Um Ihren elektrischen Tesla aufzuladen, denken Sie an die Villa K. Sie sind in der Gegend unterwegs, gesch\u00e4ftlich, privat oder f\u00fcr eine andere Gelegenheit? \u00dcbernachten oder Essen Sie in der [&hellip;]","og_url":"https:\/\/www.lavillak.com\/de\/neuigkeiten\/hotel-la-villa-k-mit-aufladestation-kommen-sie-mit-dem-tesla\/","og_site_name":"La Villa K","article_publisher":"https:\/\/www.facebook.com\/lavillak\/","article_published_time":"2019-01-17T09:52:07+00:00","og_image":[{"width":952,"height":641,"url":"https:\/\/www.lavillak.com\/wp-inside\/uploads\/2021\/05\/tesla-borne.jpg","type":"image\/jpeg"}],"author":"Premi\u00e8re Place","twitter_card":"summary_large_image","twitter_misc":{"Verfasst von":"Premi\u00e8re Place","Gesch\u00e4tzte Lesezeit":"2\u00a0Minuten"},"schema":{"@context":"https:\/\/schema.org","@graph":[{"@type":"NewsArticle","@id":"https:\/\/www.lavillak.com\/de\/neuigkeiten\/hotel-la-villa-k-mit-aufladestation-kommen-sie-mit-dem-tesla\/#article","isPartOf":{"@id":"https:\/\/www.lavillak.com\/de\/neuigkeiten\/hotel-la-villa-k-mit-aufladestation-kommen-sie-mit-dem-tesla\/"},"author":{"name":"Premi\u00e8re Place","@id":"https:\/\/www.lavillak.com\/de\/#\/schema\/person\/93fc73edf32dc09895c36035d9bb7956"},"headline":"Hotel La Villa K**** mit Aufladestation: Kommen Sie mit dem Tesla","datePublished":"2019-01-17T09:52:07+00:00","mainEntityOfPage":{"@id":"https:\/\/www.lavillak.com\/de\/neuigkeiten\/hotel-la-villa-k-mit-aufladestation-kommen-sie-mit-dem-tesla\/"},"wordCount":319,"publisher":{"@id":"https:\/\/www.lavillak.com\/de\/#organization"},"image":{"@id":"https:\/\/www.lavillak.com\/de\/neuigkeiten\/hotel-la-villa-k-mit-aufladestation-kommen-sie-mit-dem-tesla\/#primaryimage"},"thumbnailUrl":"https:\/\/www.lavillak.com\/wp-inside\/uploads\/2021\/05\/tesla-borne.jpg","articleSection":["Neuigkeiten"],"inLanguage":"de"},{"@type":"WebPage","@id":"https:\/\/www.lavillak.com\/de\/neuigkeiten\/hotel-la-villa-k-mit-aufladestation-kommen-sie-mit-dem-tesla\/","url":"https:\/\/www.lavillak.com\/de\/neuigkeiten\/hotel-la-villa-k-mit-aufladestation-kommen-sie-mit-dem-tesla\/","name":"Hotel La Villa K**** mit Aufladestation: Kommen Sie mit dem Tesla","isPartOf":{"@id":"https:\/\/www.lavillak.com\/de\/#website"},"primaryImageOfPage":{"@id":"https:\/\/www.lavillak.com\/de\/neuigkeiten\/hotel-la-villa-k-mit-aufladestation-kommen-sie-mit-dem-tesla\/#primaryimage"},"image":{"@id":"https:\/\/www.lavillak.com\/de\/neuigkeiten\/hotel-la-villa-k-mit-aufladestation-kommen-sie-mit-dem-tesla\/#primaryimage"},"thumbnailUrl":"https:\/\/www.lavillak.com\/wp-inside\/uploads\/2021\/05\/tesla-borne.jpg","datePublished":"2019-01-17T09:52:07+00:00","breadcrumb":{"@id":"https:\/\/www.lavillak.com\/de\/neuigkeiten\/hotel-la-villa-k-mit-aufladestation-kommen-sie-mit-dem-tesla\/#breadcrumb"},"inLanguage":"de","potentialAction":[{"@type":"ReadAction","target":["https:\/\/www.lavillak.com\/de\/neuigkeiten\/hotel-la-villa-k-mit-aufladestation-kommen-sie-mit-dem-tesla\/"]}]},{"@type":"ImageObject","inLanguage":"de","@id":"https:\/\/www.lavillak.com\/de\/neuigkeiten\/hotel-la-villa-k-mit-aufladestation-kommen-sie-mit-dem-tesla\/#primaryimage","url":"https:\/\/www.lavillak.com\/wp-inside\/uploads\/2021\/05\/tesla-borne.jpg","contentUrl":"https:\/\/www.lavillak.com\/wp-inside\/uploads\/2021\/05\/tesla-borne.jpg","width":952,"height":641,"caption":"tesla-borne"},{"@type":"BreadcrumbList","@id":"https:\/\/www.lavillak.com\/de\/neuigkeiten\/hotel-la-villa-k-mit-aufladestation-kommen-sie-mit-dem-tesla\/#breadcrumb","itemListElement":[{"@type":"ListItem","position":1,"name":"Home","item":"https:\/\/www.lavillak.com\/de\/"},{"@type":"ListItem","position":2,"name":"Neuigkeiten","item":"https:\/\/www.lavillak.com\/de\/neuigkeiten\/"},{"@type":"ListItem","position":3,"name":"Hotel La Villa K**** mit Aufladestation: Kommen Sie mit dem Tesla"}]},{"@type":"WebSite","@id":"https:\/\/www.lavillak.com\/de\/#website","url":"https:\/\/www.lavillak.com\/de\/","name":"La Villa K","description":"H\u00f4tel Spa Restaurant 4 \u00e9toiles","publisher":{"@id":"https:\/\/www.lavillak.com\/de\/#organization"},"potentialAction":[{"@type":"SearchAction","target":{"@type":"EntryPoint","urlTemplate":"https:\/\/www.lavillak.com\/de\/?s={search_term_string}"},"query-input":{"@type":"PropertyValueSpecification","valueRequired":true,"valueName":"search_term_string"}}],"inLanguage":"de"},{"@type":"Organization","@id":"https:\/\/www.lavillak.com\/de\/#organization","name":"La Villa K","url":"https:\/\/www.lavillak.com\/de\/","logo":{"@type":"ImageObject","inLanguage":"de","@id":"https:\/\/www.lavillak.com\/de\/#\/schema\/logo\/image\/","url":"https:\/\/www.lavillak.com\/wp-inside\/uploads\/2021\/05\/logo-hotel-lavillak-230x144_2x.png","contentUrl":"https:\/\/www.lavillak.com\/wp-inside\/uploads\/2021\/05\/logo-hotel-lavillak-230x144_2x.png","width":460,"height":288,"caption":"La Villa K"},"image":{"@id":"https:\/\/www.lavillak.com\/de\/#\/schema\/logo\/image\/"},"sameAs":["https:\/\/www.facebook.com\/lavillak\/","https:\/\/www.instagram.com\/hotellavillak\/","https:\/\/fr.pinterest.com\/hotellavillaket\/"]},{"@type":"Person","@id":"https:\/\/www.lavillak.com\/de\/#\/schema\/person\/93fc73edf32dc09895c36035d9bb7956","name":"Premi\u00e8re Place","image":{"@type":"ImageObject","inLanguage":"de","@id":"https:\/\/secure.gravatar.com\/avatar\/5091af20ac2a44cb521992f13fec8a09deb308a5b721983dec39b595a5302c6a?s=96&d=mm&r=g","url":"https:\/\/secure.gravatar.com\/avatar\/5091af20ac2a44cb521992f13fec8a09deb308a5b721983dec39b595a5302c6a?s=96&d=mm&r=g","contentUrl":"https:\/\/secure.gravatar.com\/avatar\/5091af20ac2a44cb521992f13fec8a09deb308a5b721983dec39b595a5302c6a?s=96&d=mm&r=g","caption":"Premi\u00e8re Place"}}]}},"_links":{"self":[{"href":"https:\/\/www.lavillak.com\/de\/wp-json\/wp\/v2\/posts\/15179","targetHints":{"allow":["GET"]}}],"collection":[{"href":"https:\/\/www.lavillak.com\/de\/wp-json\/wp\/v2\/posts"}],"about":[{"href":"https:\/\/www.lavillak.com\/de\/wp-json\/wp\/v2\/types\/post"}],"author":[{"embeddable":true,"href":"https:\/\/www.lavillak.com\/de\/wp-json\/wp\/v2\/users\/3"}],"replies":[{"embeddable":true,"href":"https:\/\/www.lavillak.com\/de\/wp-json\/wp\/v2\/comments?post=15179"}],"version-history":[{"count":0,"href":"https:\/\/www.lavillak.com\/de\/wp-json\/wp\/v2\/posts\/15179\/revisions"}],"wp:featuredmedia":[{"embeddable":true,"href":"https:\/\/www.lavillak.com\/de\/wp-json\/wp\/v2\/media\/12815"}],"wp:attachment":[{"href":"https:\/\/www.lavillak.com\/de\/wp-json\/wp\/v2\/media?parent=15179"}],"wp:term":[{"taxonomy":"category","embeddable":true,"href":"https:\/\/www.lavillak.com\/de\/wp-json\/wp\/v2\/categories?post=15179"},{"taxonomy":"post_tag","embeddable":true,"href":"https:\/\/www.lavillak.com\/de\/wp-json\/wp\/v2\/tags?post=15179"}],"curies":[{"name":"wp","href":"https:\/\/api.w.org\/{rel}","templated":true}]}}