{"id":15182,"date":"2017-09-07T08:26:23","date_gmt":"2017-09-07T06:26:23","guid":{"rendered":"https:\/\/www.lavillak.com\/neuigkeiten\/feiern-sie-das-neue-jahr-in-basel-und-stehen-sie-im-herzen-der-3-grenzen\/"},"modified":"2017-09-07T08:26:23","modified_gmt":"2017-09-07T06:26:23","slug":"feiern-sie-das-neue-jahr-in-basel-und-stehen-sie-im-herzen-der-3-grenzen","status":"publish","type":"post","link":"https:\/\/www.lavillak.com\/de\/neuigkeiten\/feiern-sie-das-neue-jahr-in-basel-und-stehen-sie-im-herzen-der-3-grenzen\/","title":{"rendered":"Feiern sie das Neue Jahr in Basel und Stehen sie im herzen der 3 Grenzen!"},"content":{"rendered":"<p><a href=\"\/?page_id=10315\">Unser Ferienpaket f\u00fcr Weignachten &amp; Silvester<\/a><\/p>\n<p><strong>Jedes Jahr verwandelt sich Basel in ein Neujahrsfest. Geniessen Sie diesen grossen Anlass und verbringen Sie ein entspanntes Wochenende in einem 4-Sterne-Stilhotel in Frankreich, 5 Minuten von Basel entfernt.<\/strong><\/p>\n<p><img loading=\"lazy\" decoding=\"async\" class=\"aligncenter size-large wp-image-6499\" src=\"https:\/\/www.lavillak.com\/wp-inside\/uploads\/2021\/05\/nouvel-an-bale-sejour-villa-k-800x530.jpg\" alt=\"new year's eve basel\" width=\"800\" height=\"530\" \/><\/p>\n<h2>Das neue Jahr in Basel: Feier des neuen Jahres auf dem M\u00fcnsterplatz<\/h2>\n<p>Jedes Jahr feiert Basel den Jahreswechsel mit einem beeindruckenden<strong> Feuerwerk \u00fcber dem Rhein<\/strong>.<\/p>\n<p>W\u00e4hrend die Trompeten des Stadtposaunenchorchores spielen, versammelt sich das Publikum ab 22:30 Uhr auf dem <strong>M\u00fcnsterplatz<\/strong>. Gegen 23:45 Uhr wird das Ende des Jahres durch die gro\u00dfe Glocke der Martint\u00fcrme angek\u00fcndigt.<\/p>\n<p>Um Mitternacht sto\u00dfen die Leute mit Champagner an, um das gerade begonnene Jahr zu feiern und sich von dem zu verabschieden, das gerade zu Ende geht. Alle Zuschauer gehen dann in den Dom zum Gottesdienst, der um 12:15 Uhr beginnt.<\/p>\n<p>Zum Abschluss der Veranstaltung wird um 12:30 Uhr das <strong>Feuerwerk<\/strong> f\u00fcr eine grandiose Show \u00fcber dem Rhein gestartet.<\/p>\n<p>Das Feuerwerk ist kostenlos, ebenso wie der Gl\u00fchwein, der <strong>den Zuschauern zwischen 23 und 1 Uhr serviert wird<\/strong>.<\/p>\n<h2>Silvester in Basel: Wo kann man schlafen?<\/h2>\n<p>F\u00fcr ein sorgenfreies Silvesterfest in Basel empf\u00e4ngt Sie das Hotel La Villa K (Saint-Louis, Frankreich) zu Silvester.<\/p>\n<p><img decoding=\"async\" src=\"https:\/\/www.lavillak.com\/wp-inside\/uploads\/2021\/05\/20111021-villa-k-exterieur-de-nuit-suite-011-1-800x533.jpg\" \/><\/p>\n<p>Genie\u00dfen Sie am 31. Dezember einen entspannten Nachmittag in unserem Spa. <strong>Sauna, Hammam und Jacuzzi<\/strong> stehen Ihnen zur Verf\u00fcgung, mit der M\u00f6glichkeit einer privaten Buchung. Um das Wohlbefinden zu verl\u00e4ngern, bietet das Hotel La Villa K Spa eine umfangreiche Behandlungsliste f\u00fcr Gesicht und K\u00f6rper sowie Sch\u00f6nheitsbehandlungen.<\/p>\n<p><img decoding=\"async\" src=\"https:\/\/www.lavillak.com\/wp-inside\/uploads\/2021\/05\/cabine_5167-800x533.jpg\" \/><\/p>\n<p>Um das Jahr perfekt abzuschlie\u00dfen, bietet das Bistrot La Cave eine k\u00f6stliche <strong>Mahlzeit<\/strong>, die speziell f\u00fcr dieses Ereignis entwickelt wurde!<\/p>\n<p><img decoding=\"async\" src=\"https:\/\/www.lavillak.com\/wp-inside\/uploads\/2021\/05\/20130921-la-cave-011-800x533.jpg\" \/><\/p>\n<p>Da sich das Hotel unweit von Basel befindet (5 Minuten), k\u00f6nnen Sie dort leicht das Feuerwerk und andere Veranstaltungen f\u00fcr diesen besonderen Anlass genie\u00dfen.<\/p>\n<p><strong>La Villa K &#8211; 4-Sterne Hotel Spa Restaurant in Saint-Louis (Elsass), 5 Minuten vom EuroAirport (Basel-Mulhouse-Fribourg) und der Schweiz entfernt.<\/strong><\/p>\n","protected":false},"excerpt":{"rendered":"<p>Unser Ferienpaket f\u00fcr Weignachten &amp; Silvester Jedes Jahr verwandelt sich Basel in ein Neujahrsfest. Geniessen Sie diesen grossen Anlass und verbringen Sie ein entspanntes Wochenende in einem 4-Sterne-Stilhotel in Frankreich, [&hellip;]<\/p>\n","protected":false},"author":3,"featured_media":12754,"comment_status":"closed","ping_status":"closed","sticky":false,"template":"","format":"standard","meta":{"_acf_changed":false,"footnotes":""},"categories":[2],"tags":[],"class_list":["post-15182","post","type-post","status-publish","format-standard","has-post-thumbnail","hentry","category-neuigkeiten","wp-sticky"],"acf":[],"yoast_head":"<!-- This site is optimized with the Yoast SEO plugin v27.5 - https:\/\/yoast.com\/product\/yoast-seo-wordpress\/ -->\n<title>Feiern sie das Neue Jahr in Basel und Stehen sie im herzen der 3 Grenzen!<\/title>\n<meta name=\"robots\" content=\"index, follow, max-snippet:-1, max-image-preview:large, max-video-preview:-1\" \/>\n<link rel=\"canonical\" href=\"https:\/\/www.lavillak.com\/de\/neuigkeiten\/feiern-sie-das-neue-jahr-in-basel-und-stehen-sie-im-herzen-der-3-grenzen\/\" \/>\n<meta property=\"og:locale\" content=\"de_DE\" \/>\n<meta property=\"og:type\" content=\"article\" \/>\n<meta property=\"og:title\" content=\"Feiern sie das Neue Jahr in Basel und Stehen sie im herzen der 3 Grenzen!\" \/>\n<meta property=\"og:description\" content=\"Unser Ferienpaket f\u00fcr Weignachten &amp; Silvester Jedes Jahr verwandelt sich Basel in ein Neujahrsfest. Geniessen Sie diesen grossen Anlass und verbringen Sie ein entspanntes Wochenende in einem 4-Sterne-Stilhotel in Frankreich, [&hellip;]\" \/>\n<meta property=\"og:url\" content=\"https:\/\/www.lavillak.com\/de\/neuigkeiten\/feiern-sie-das-neue-jahr-in-basel-und-stehen-sie-im-herzen-der-3-grenzen\/\" \/>\n<meta property=\"og:site_name\" content=\"La Villa K\" \/>\n<meta property=\"article:publisher\" content=\"https:\/\/www.facebook.com\/lavillak\/\" \/>\n<meta property=\"article:published_time\" content=\"2017-09-07T06:26:23+00:00\" \/>\n<meta property=\"og:image\" content=\"https:\/\/www.lavillak.com\/wp-inside\/uploads\/2021\/05\/nouvel-an-bale-sejour-villa-k.jpg\" \/>\n\t<meta property=\"og:image:width\" content=\"851\" \/>\n\t<meta property=\"og:image:height\" content=\"564\" \/>\n\t<meta property=\"og:image:type\" content=\"image\/jpeg\" \/>\n<meta name=\"author\" content=\"Premi\u00e8re Place\" \/>\n<meta name=\"twitter:card\" content=\"summary_large_image\" \/>\n<meta name=\"twitter:label1\" content=\"Verfasst von\" \/>\n\t<meta name=\"twitter:data1\" content=\"Premi\u00e8re Place\" \/>\n\t<meta name=\"twitter:label2\" content=\"Gesch\u00e4tzte Lesezeit\" \/>\n\t<meta name=\"twitter:data2\" content=\"2\u00a0Minuten\" \/>\n<script type=\"application\/ld+json\" class=\"yoast-schema-graph\">{\"@context\":\"https:\\\/\\\/schema.org\",\"@graph\":[{\"@type\":\"NewsArticle\",\"@id\":\"https:\\\/\\\/www.lavillak.com\\\/de\\\/neuigkeiten\\\/feiern-sie-das-neue-jahr-in-basel-und-stehen-sie-im-herzen-der-3-grenzen\\\/#article\",\"isPartOf\":{\"@id\":\"https:\\\/\\\/www.lavillak.com\\\/de\\\/neuigkeiten\\\/feiern-sie-das-neue-jahr-in-basel-und-stehen-sie-im-herzen-der-3-grenzen\\\/\"},\"author\":{\"name\":\"Premi\u00e8re Place\",\"@id\":\"https:\\\/\\\/www.lavillak.com\\\/de\\\/#\\\/schema\\\/person\\\/93fc73edf32dc09895c36035d9bb7956\"},\"headline\":\"Feiern sie das Neue Jahr in Basel und Stehen sie im herzen der 3 Grenzen!\",\"datePublished\":\"2017-09-07T06:26:23+00:00\",\"mainEntityOfPage\":{\"@id\":\"https:\\\/\\\/www.lavillak.com\\\/de\\\/neuigkeiten\\\/feiern-sie-das-neue-jahr-in-basel-und-stehen-sie-im-herzen-der-3-grenzen\\\/\"},\"wordCount\":330,\"publisher\":{\"@id\":\"https:\\\/\\\/www.lavillak.com\\\/de\\\/#organization\"},\"image\":{\"@id\":\"https:\\\/\\\/www.lavillak.com\\\/de\\\/neuigkeiten\\\/feiern-sie-das-neue-jahr-in-basel-und-stehen-sie-im-herzen-der-3-grenzen\\\/#primaryimage\"},\"thumbnailUrl\":\"https:\\\/\\\/www.lavillak.com\\\/wp-inside\\\/uploads\\\/2021\\\/05\\\/nouvel-an-bale-sejour-villa-k.jpg\",\"articleSection\":[\"Neuigkeiten\"],\"inLanguage\":\"de\"},{\"@type\":\"WebPage\",\"@id\":\"https:\\\/\\\/www.lavillak.com\\\/de\\\/neuigkeiten\\\/feiern-sie-das-neue-jahr-in-basel-und-stehen-sie-im-herzen-der-3-grenzen\\\/\",\"url\":\"https:\\\/\\\/www.lavillak.com\\\/de\\\/neuigkeiten\\\/feiern-sie-das-neue-jahr-in-basel-und-stehen-sie-im-herzen-der-3-grenzen\\\/\",\"name\":\"Feiern sie das Neue Jahr in Basel und Stehen sie im herzen der 3 Grenzen!\",\"isPartOf\":{\"@id\":\"https:\\\/\\\/www.lavillak.com\\\/de\\\/#website\"},\"primaryImageOfPage\":{\"@id\":\"https:\\\/\\\/www.lavillak.com\\\/de\\\/neuigkeiten\\\/feiern-sie-das-neue-jahr-in-basel-und-stehen-sie-im-herzen-der-3-grenzen\\\/#primaryimage\"},\"image\":{\"@id\":\"https:\\\/\\\/www.lavillak.com\\\/de\\\/neuigkeiten\\\/feiern-sie-das-neue-jahr-in-basel-und-stehen-sie-im-herzen-der-3-grenzen\\\/#primaryimage\"},\"thumbnailUrl\":\"https:\\\/\\\/www.lavillak.com\\\/wp-inside\\\/uploads\\\/2021\\\/05\\\/nouvel-an-bale-sejour-villa-k.jpg\",\"datePublished\":\"2017-09-07T06:26:23+00:00\",\"breadcrumb\":{\"@id\":\"https:\\\/\\\/www.lavillak.com\\\/de\\\/neuigkeiten\\\/feiern-sie-das-neue-jahr-in-basel-und-stehen-sie-im-herzen-der-3-grenzen\\\/#breadcrumb\"},\"inLanguage\":\"de\",\"potentialAction\":[{\"@type\":\"ReadAction\",\"target\":[\"https:\\\/\\\/www.lavillak.com\\\/de\\\/neuigkeiten\\\/feiern-sie-das-neue-jahr-in-basel-und-stehen-sie-im-herzen-der-3-grenzen\\\/\"]}]},{\"@type\":\"ImageObject\",\"inLanguage\":\"de\",\"@id\":\"https:\\\/\\\/www.lavillak.com\\\/de\\\/neuigkeiten\\\/feiern-sie-das-neue-jahr-in-basel-und-stehen-sie-im-herzen-der-3-grenzen\\\/#primaryimage\",\"url\":\"https:\\\/\\\/www.lavillak.com\\\/wp-inside\\\/uploads\\\/2021\\\/05\\\/nouvel-an-bale-sejour-villa-k.jpg\",\"contentUrl\":\"https:\\\/\\\/www.lavillak.com\\\/wp-inside\\\/uploads\\\/2021\\\/05\\\/nouvel-an-bale-sejour-villa-k.jpg\",\"width\":851,\"height\":564,\"caption\":\"new year's eve basel\"},{\"@type\":\"BreadcrumbList\",\"@id\":\"https:\\\/\\\/www.lavillak.com\\\/de\\\/neuigkeiten\\\/feiern-sie-das-neue-jahr-in-basel-und-stehen-sie-im-herzen-der-3-grenzen\\\/#breadcrumb\",\"itemListElement\":[{\"@type\":\"ListItem\",\"position\":1,\"name\":\"Home\",\"item\":\"https:\\\/\\\/www.lavillak.com\\\/de\\\/\"},{\"@type\":\"ListItem\",\"position\":2,\"name\":\"Neuigkeiten\",\"item\":\"https:\\\/\\\/www.lavillak.com\\\/de\\\/neuigkeiten\\\/\"},{\"@type\":\"ListItem\",\"position\":3,\"name\":\"Feiern sie das Neue Jahr in Basel und Stehen sie im herzen der 3 Grenzen!\"}]},{\"@type\":\"WebSite\",\"@id\":\"https:\\\/\\\/www.lavillak.com\\\/de\\\/#website\",\"url\":\"https:\\\/\\\/www.lavillak.com\\\/de\\\/\",\"name\":\"La Villa K\",\"description\":\"H\u00f4tel Spa Restaurant 4 \u00e9toiles\",\"publisher\":{\"@id\":\"https:\\\/\\\/www.lavillak.com\\\/de\\\/#organization\"},\"potentialAction\":[{\"@type\":\"SearchAction\",\"target\":{\"@type\":\"EntryPoint\",\"urlTemplate\":\"https:\\\/\\\/www.lavillak.com\\\/de\\\/?s={search_term_string}\"},\"query-input\":{\"@type\":\"PropertyValueSpecification\",\"valueRequired\":true,\"valueName\":\"search_term_string\"}}],\"inLanguage\":\"de\"},{\"@type\":\"Organization\",\"@id\":\"https:\\\/\\\/www.lavillak.com\\\/de\\\/#organization\",\"name\":\"La Villa K\",\"url\":\"https:\\\/\\\/www.lavillak.com\\\/de\\\/\",\"logo\":{\"@type\":\"ImageObject\",\"inLanguage\":\"de\",\"@id\":\"https:\\\/\\\/www.lavillak.com\\\/de\\\/#\\\/schema\\\/logo\\\/image\\\/\",\"url\":\"https:\\\/\\\/www.lavillak.com\\\/wp-inside\\\/uploads\\\/2021\\\/05\\\/logo-hotel-lavillak-230x144_2x.png\",\"contentUrl\":\"https:\\\/\\\/www.lavillak.com\\\/wp-inside\\\/uploads\\\/2021\\\/05\\\/logo-hotel-lavillak-230x144_2x.png\",\"width\":460,\"height\":288,\"caption\":\"La Villa K\"},\"image\":{\"@id\":\"https:\\\/\\\/www.lavillak.com\\\/de\\\/#\\\/schema\\\/logo\\\/image\\\/\"},\"sameAs\":[\"https:\\\/\\\/www.facebook.com\\\/lavillak\\\/\",\"https:\\\/\\\/www.instagram.com\\\/hotellavillak\\\/\",\"https:\\\/\\\/fr.pinterest.com\\\/hotellavillaket\\\/\"]},{\"@type\":\"Person\",\"@id\":\"https:\\\/\\\/www.lavillak.com\\\/de\\\/#\\\/schema\\\/person\\\/93fc73edf32dc09895c36035d9bb7956\",\"name\":\"Premi\u00e8re Place\",\"image\":{\"@type\":\"ImageObject\",\"inLanguage\":\"de\",\"@id\":\"https:\\\/\\\/secure.gravatar.com\\\/avatar\\\/5091af20ac2a44cb521992f13fec8a09deb308a5b721983dec39b595a5302c6a?s=96&d=mm&r=g\",\"url\":\"https:\\\/\\\/secure.gravatar.com\\\/avatar\\\/5091af20ac2a44cb521992f13fec8a09deb308a5b721983dec39b595a5302c6a?s=96&d=mm&r=g\",\"contentUrl\":\"https:\\\/\\\/secure.gravatar.com\\\/avatar\\\/5091af20ac2a44cb521992f13fec8a09deb308a5b721983dec39b595a5302c6a?s=96&d=mm&r=g\",\"caption\":\"Premi\u00e8re Place\"}}]}<\/script>\n<!-- \/ Yoast SEO plugin. -->","yoast_head_json":{"title":"Feiern sie das Neue Jahr in Basel und Stehen sie im herzen der 3 Grenzen!","robots":{"index":"index","follow":"follow","max-snippet":"max-snippet:-1","max-image-preview":"max-image-preview:large","max-video-preview":"max-video-preview:-1"},"canonical":"https:\/\/www.lavillak.com\/de\/neuigkeiten\/feiern-sie-das-neue-jahr-in-basel-und-stehen-sie-im-herzen-der-3-grenzen\/","og_locale":"de_DE","og_type":"article","og_title":"Feiern sie das Neue Jahr in Basel und Stehen sie im herzen der 3 Grenzen!","og_description":"Unser Ferienpaket f\u00fcr Weignachten &amp; Silvester Jedes Jahr verwandelt sich Basel in ein Neujahrsfest. Geniessen Sie diesen grossen Anlass und verbringen Sie ein entspanntes Wochenende in einem 4-Sterne-Stilhotel in Frankreich, [&hellip;]","og_url":"https:\/\/www.lavillak.com\/de\/neuigkeiten\/feiern-sie-das-neue-jahr-in-basel-und-stehen-sie-im-herzen-der-3-grenzen\/","og_site_name":"La Villa K","article_publisher":"https:\/\/www.facebook.com\/lavillak\/","article_published_time":"2017-09-07T06:26:23+00:00","og_image":[{"width":851,"height":564,"url":"https:\/\/www.lavillak.com\/wp-inside\/uploads\/2021\/05\/nouvel-an-bale-sejour-villa-k.jpg","type":"image\/jpeg"}],"author":"Premi\u00e8re Place","twitter_card":"summary_large_image","twitter_misc":{"Verfasst von":"Premi\u00e8re Place","Gesch\u00e4tzte Lesezeit":"2\u00a0Minuten"},"schema":{"@context":"https:\/\/schema.org","@graph":[{"@type":"NewsArticle","@id":"https:\/\/www.lavillak.com\/de\/neuigkeiten\/feiern-sie-das-neue-jahr-in-basel-und-stehen-sie-im-herzen-der-3-grenzen\/#article","isPartOf":{"@id":"https:\/\/www.lavillak.com\/de\/neuigkeiten\/feiern-sie-das-neue-jahr-in-basel-und-stehen-sie-im-herzen-der-3-grenzen\/"},"author":{"name":"Premi\u00e8re Place","@id":"https:\/\/www.lavillak.com\/de\/#\/schema\/person\/93fc73edf32dc09895c36035d9bb7956"},"headline":"Feiern sie das Neue Jahr in Basel und Stehen sie im herzen der 3 Grenzen!","datePublished":"2017-09-07T06:26:23+00:00","mainEntityOfPage":{"@id":"https:\/\/www.lavillak.com\/de\/neuigkeiten\/feiern-sie-das-neue-jahr-in-basel-und-stehen-sie-im-herzen-der-3-grenzen\/"},"wordCount":330,"publisher":{"@id":"https:\/\/www.lavillak.com\/de\/#organization"},"image":{"@id":"https:\/\/www.lavillak.com\/de\/neuigkeiten\/feiern-sie-das-neue-jahr-in-basel-und-stehen-sie-im-herzen-der-3-grenzen\/#primaryimage"},"thumbnailUrl":"https:\/\/www.lavillak.com\/wp-inside\/uploads\/2021\/05\/nouvel-an-bale-sejour-villa-k.jpg","articleSection":["Neuigkeiten"],"inLanguage":"de"},{"@type":"WebPage","@id":"https:\/\/www.lavillak.com\/de\/neuigkeiten\/feiern-sie-das-neue-jahr-in-basel-und-stehen-sie-im-herzen-der-3-grenzen\/","url":"https:\/\/www.lavillak.com\/de\/neuigkeiten\/feiern-sie-das-neue-jahr-in-basel-und-stehen-sie-im-herzen-der-3-grenzen\/","name":"Feiern sie das Neue Jahr in Basel und Stehen sie im herzen der 3 Grenzen!","isPartOf":{"@id":"https:\/\/www.lavillak.com\/de\/#website"},"primaryImageOfPage":{"@id":"https:\/\/www.lavillak.com\/de\/neuigkeiten\/feiern-sie-das-neue-jahr-in-basel-und-stehen-sie-im-herzen-der-3-grenzen\/#primaryimage"},"image":{"@id":"https:\/\/www.lavillak.com\/de\/neuigkeiten\/feiern-sie-das-neue-jahr-in-basel-und-stehen-sie-im-herzen-der-3-grenzen\/#primaryimage"},"thumbnailUrl":"https:\/\/www.lavillak.com\/wp-inside\/uploads\/2021\/05\/nouvel-an-bale-sejour-villa-k.jpg","datePublished":"2017-09-07T06:26:23+00:00","breadcrumb":{"@id":"https:\/\/www.lavillak.com\/de\/neuigkeiten\/feiern-sie-das-neue-jahr-in-basel-und-stehen-sie-im-herzen-der-3-grenzen\/#breadcrumb"},"inLanguage":"de","potentialAction":[{"@type":"ReadAction","target":["https:\/\/www.lavillak.com\/de\/neuigkeiten\/feiern-sie-das-neue-jahr-in-basel-und-stehen-sie-im-herzen-der-3-grenzen\/"]}]},{"@type":"ImageObject","inLanguage":"de","@id":"https:\/\/www.lavillak.com\/de\/neuigkeiten\/feiern-sie-das-neue-jahr-in-basel-und-stehen-sie-im-herzen-der-3-grenzen\/#primaryimage","url":"https:\/\/www.lavillak.com\/wp-inside\/uploads\/2021\/05\/nouvel-an-bale-sejour-villa-k.jpg","contentUrl":"https:\/\/www.lavillak.com\/wp-inside\/uploads\/2021\/05\/nouvel-an-bale-sejour-villa-k.jpg","width":851,"height":564,"caption":"new year's eve basel"},{"@type":"BreadcrumbList","@id":"https:\/\/www.lavillak.com\/de\/neuigkeiten\/feiern-sie-das-neue-jahr-in-basel-und-stehen-sie-im-herzen-der-3-grenzen\/#breadcrumb","itemListElement":[{"@type":"ListItem","position":1,"name":"Home","item":"https:\/\/www.lavillak.com\/de\/"},{"@type":"ListItem","position":2,"name":"Neuigkeiten","item":"https:\/\/www.lavillak.com\/de\/neuigkeiten\/"},{"@type":"ListItem","position":3,"name":"Feiern sie das Neue Jahr in Basel und Stehen sie im herzen der 3 Grenzen!"}]},{"@type":"WebSite","@id":"https:\/\/www.lavillak.com\/de\/#website","url":"https:\/\/www.lavillak.com\/de\/","name":"La Villa K","description":"H\u00f4tel Spa Restaurant 4 \u00e9toiles","publisher":{"@id":"https:\/\/www.lavillak.com\/de\/#organization"},"potentialAction":[{"@type":"SearchAction","target":{"@type":"EntryPoint","urlTemplate":"https:\/\/www.lavillak.com\/de\/?s={search_term_string}"},"query-input":{"@type":"PropertyValueSpecification","valueRequired":true,"valueName":"search_term_string"}}],"inLanguage":"de"},{"@type":"Organization","@id":"https:\/\/www.lavillak.com\/de\/#organization","name":"La Villa K","url":"https:\/\/www.lavillak.com\/de\/","logo":{"@type":"ImageObject","inLanguage":"de","@id":"https:\/\/www.lavillak.com\/de\/#\/schema\/logo\/image\/","url":"https:\/\/www.lavillak.com\/wp-inside\/uploads\/2021\/05\/logo-hotel-lavillak-230x144_2x.png","contentUrl":"https:\/\/www.lavillak.com\/wp-inside\/uploads\/2021\/05\/logo-hotel-lavillak-230x144_2x.png","width":460,"height":288,"caption":"La Villa K"},"image":{"@id":"https:\/\/www.lavillak.com\/de\/#\/schema\/logo\/image\/"},"sameAs":["https:\/\/www.facebook.com\/lavillak\/","https:\/\/www.instagram.com\/hotellavillak\/","https:\/\/fr.pinterest.com\/hotellavillaket\/"]},{"@type":"Person","@id":"https:\/\/www.lavillak.com\/de\/#\/schema\/person\/93fc73edf32dc09895c36035d9bb7956","name":"Premi\u00e8re Place","image":{"@type":"ImageObject","inLanguage":"de","@id":"https:\/\/secure.gravatar.com\/avatar\/5091af20ac2a44cb521992f13fec8a09deb308a5b721983dec39b595a5302c6a?s=96&d=mm&r=g","url":"https:\/\/secure.gravatar.com\/avatar\/5091af20ac2a44cb521992f13fec8a09deb308a5b721983dec39b595a5302c6a?s=96&d=mm&r=g","contentUrl":"https:\/\/secure.gravatar.com\/avatar\/5091af20ac2a44cb521992f13fec8a09deb308a5b721983dec39b595a5302c6a?s=96&d=mm&r=g","caption":"Premi\u00e8re Place"}}]}},"_links":{"self":[{"href":"https:\/\/www.lavillak.com\/de\/wp-json\/wp\/v2\/posts\/15182","targetHints":{"allow":["GET"]}}],"collection":[{"href":"https:\/\/www.lavillak.com\/de\/wp-json\/wp\/v2\/posts"}],"about":[{"href":"https:\/\/www.lavillak.com\/de\/wp-json\/wp\/v2\/types\/post"}],"author":[{"embeddable":true,"href":"https:\/\/www.lavillak.com\/de\/wp-json\/wp\/v2\/users\/3"}],"replies":[{"embeddable":true,"href":"https:\/\/www.lavillak.com\/de\/wp-json\/wp\/v2\/comments?post=15182"}],"version-history":[{"count":0,"href":"https:\/\/www.lavillak.com\/de\/wp-json\/wp\/v2\/posts\/15182\/revisions"}],"wp:featuredmedia":[{"embeddable":true,"href":"https:\/\/www.lavillak.com\/de\/wp-json\/wp\/v2\/media\/12754"}],"wp:attachment":[{"href":"https:\/\/www.lavillak.com\/de\/wp-json\/wp\/v2\/media?parent=15182"}],"wp:term":[{"taxonomy":"category","embeddable":true,"href":"https:\/\/www.lavillak.com\/de\/wp-json\/wp\/v2\/categories?post=15182"},{"taxonomy":"post_tag","embeddable":true,"href":"https:\/\/www.lavillak.com\/de\/wp-json\/wp\/v2\/tags?post=15182"}],"curies":[{"name":"wp","href":"https:\/\/api.w.org\/{rel}","templated":true}]}}