{"id":15192,"date":"2018-08-08T10:54:00","date_gmt":"2018-08-08T08:54:00","guid":{"rendered":"https:\/\/www.lavillak.com\/neuigkeiten\/privates-spa-in-der-naehe-von-mulhouse-willkommen-in-la-villa-k\/"},"modified":"2021-05-28T16:24:16","modified_gmt":"2021-05-28T14:24:16","slug":"privates-spa-in-der-naehe-von-mulhouse-willkommen-in-la-villa-k","status":"publish","type":"post","link":"https:\/\/www.lavillak.com\/de\/neuigkeiten\/privates-spa-in-der-naehe-von-mulhouse-willkommen-in-la-villa-k\/","title":{"rendered":"Privates Spa in der n\u00e4he von Mulhouse: Willkommen in La Villa K"},"content":{"rendered":"<p><!-- flzn:zn_pagebanner --><\/p>\n<header id=\"flzn-pagebanner-1\" class=\"zone zn-pagebanner with-bg bg-color is-bgc-white\"><span class=\"zone-bg bg-color bgc-white alignfull\"><\/span><\/p>\n<div class=\"zone-block zn-pagebanner-block alignfull va-top\"><\/div>\n<\/header>\n<p><!-- \/flzn:zn_pagebanner --><br \/>\n<!-- flzn:zn_text --><\/p>\n<div id=\"flzn-text-1\" class=\"zone zn-text\">\n<div class=\"zone-block zn-text-block va-top\">\n<div class=\"row mw-content-zone\">\n<div class=\"columns large-12\">\n<div class=\"row large-up-1 with-nice-alignment nbloc-1\">\n<div class=\"column zn-text-col\">\n<div class=\"column-inner\">\n<div class=\"wig-content mw-content\">\n<p><img decoding=\"async\" src=\"https:\/\/www.lavillak.com\/wp-inside\/uploads\/2018\/08\/20120217-Villa-K-St-Valentin-008-800x533.jpg\" alt=\"spa mulhouse privatif\" \/><\/p>\n<p><strong>Das <a href=\"https:\/\/www.lavillak.com\/de\/\">Spa des Hotels La Villa K<\/a> befindet sich nur wenige Minuten von Mulhouse, in Saint-Louis. Mit dem Auto, der Bahn&#8230;. das Spa ist von jeder Stadt im Haut-Rhin aus leicht erreichbar und hat einen Parkplatz.<\/strong><\/p>\n<p><img decoding=\"async\" src=\"https:\/\/www.lavillak.com\/wp-inside\/uploads\/2015\/04\/spa-la-villa-k-800x533.jpg\" alt=\"spa Mulhouse\" \/><\/p>\n<h2>Ein romantischer Moment, nur wir beide: Privatisieren Sie das Spa.<\/h2>\n<p>Sind Sie auf der Suche nach einem Spa, das Sie beide im Raum <strong>Basel \/ Saint-Louis<\/strong> unterbringen kann? Der Spa-Bereich der Villa K ist sowohl f\u00fcr Hotelg\u00e4ste als auch f\u00fcr alle, die kommen und sich entspannen m\u00f6chten, zug\u00e4nglich.<\/p>\n<p><img decoding=\"async\" src=\"https:\/\/www.lavillak.com\/wp-inside\/uploads\/2015\/04\/interieur-spa-la-villa-k-saint-louis-1-800x533.jpg\" alt=\"Int\u00e9rieur du spa \u00e0 la villa K de Saint-Louis\" \/><\/p>\n<p>Intimes Spa und Design f\u00fcr einen besonderen Anlass (Geburtstag, Hochzeitstag, Valentinstag&#8230;.) oder einfach nur um eine gute Zeit zusammen zu verbringen!<\/p>\n<h2>Champagner &amp; Bl\u00fctenbl\u00e4tter f\u00fcr Ihr pers\u00f6nliches Treffen !<\/h2>\n<p><img decoding=\"async\" src=\"https:\/\/www.lavillak.com\/wp-inside\/uploads\/2018\/08\/20111001-Villa-K-Chambres-Parties-communes-030-800x533.jpg\" alt=\"spa bale\" \/><\/p>\n<p>Bei der Privatisierung des Spa haben Sie Zugang zu allen Ger\u00e4ten (<strong>Hammam, Sauna, Whirlpool, Duschen<\/strong>) sowie zu den Behandlungsr\u00e4umen, wenn Sie eine <strong>Doppelmassage w\u00fcnschen<\/strong> (optional). In unserer Speisekarte finden Sie viele K\u00f6rper- und Gesichtsbehandlungen, die von Kosmetika aus der ganzen Welt und\/oder Bio stammen. All dies in einer raffinierten, kokonierenden, musikalischen und entspannenden Atmosph\u00e4re&#8230;..<\/p>\n<p>Favorit: Verlieben Sie sich in ihn dank unserer kleinen \u00ab\u00a0Pluspunkte\u00a0\u00bb: <strong>Champagnergl\u00e4ser, Rosenbl\u00e4tter, s\u00fc\u00df-saure K\u00f6stlichkeiten<\/strong>&#8230; Spa La Villa K wird regelm\u00e4\u00dfig von Paaren privatisiert, die f\u00fcr einen magischen Moment das gro\u00dfe Spiel genie\u00dfen wollen. Wir haben daher an sie gedacht, als wir das Romeo &amp; Julia-Paket zusammengestellt haben, das <strong>sch\u00f6ne romantische Dienstleistungen<\/strong> beinhaltet und Gegenstand einer Geschenkverpackung sein kann.<\/p>\n<p>Alle unsere <a href=\"https:\/\/www.lavillak.com\/de\/spa-wellness\/unsere-pauschalen\/\">Spa-Pauschalen<\/a> sind auf dieser Seite zu finden.<\/p>\n<p><img decoding=\"async\" src=\"https:\/\/www.lavillak.com\/wp-inside\/uploads\/2018\/08\/20120217-Villa-K-St-Valentin-005-800x533.jpg\" alt=\"spa mulhouse romantique\" \/><\/p>\n<h2>Zus\u00e4tzliche luxuri\u00f6se Dienstleistungen zur Verl\u00e4ngerung des Tages<\/h2>\n<p>Egal, ob Sie aus Basel oder anderswo kommen, das Spa La Villa K l\u00e4dt Sie ein, Ihren charmanten Tag mit einem Gourmet-Men\u00fc in der <a href=\"https:\/\/www.lavillak.com\/de\/bistrot-la-cave\/\" target=\"_blank\" rel=\"noopener noreferrer\">Bistrot La Cave<\/a> fortzusetzen. Das Restaurant des Hotels bietet saisonale Gerichte zu feinen Weinen.<\/p>\n<p>Sie k\u00f6nnen sich auch f\u00fcr eine Nacht in einem unserer 41 Design- und warmen Zimmer entscheiden!<\/p>\n<p><img decoding=\"async\" src=\"https:\/\/www.lavillak.com\/wp-inside\/uploads\/2018\/08\/20120217-Villa-K-St-Valentin-010-800x533.jpg\" alt=\"spa mulhouse massage duo\" \/><\/p>\n<p><strong>Privatisieren Sie das Spa jetzt f\u00fcr einen unvergesslichen Moment, indem Sie sich an die Rezeption unter 00 33 89 70 93 40 wenden.<\/strong><\/p>\n<p><strong>H\u00f4tel La Villa K et Spa**** &#8211; 1 rue de Lectoure 68300 Saint-Louis (bei Basel)<\/strong><\/p>\n<\/p><\/div>\n<\/p><\/div>\n<\/p><\/div>\n<\/p><\/div>\n<\/p><\/div>\n<\/p><\/div>\n<\/div>\n<\/div>\n<p><!-- \/flzn:zn_text --><\/p>\n","protected":false},"excerpt":{"rendered":"<p>Das Spa des Hotels La Villa K befindet sich nur wenige Minuten von Mulhouse, in Saint-Louis. Mit dem Auto, der Bahn&#8230;. das Spa ist von jeder Stadt im Haut-Rhin aus [&hellip;]<\/p>\n","protected":false},"author":3,"featured_media":10875,"comment_status":"closed","ping_status":"closed","sticky":false,"template":"","format":"standard","meta":{"_acf_changed":false,"footnotes":""},"categories":[2],"tags":[],"class_list":["post-15192","post","type-post","status-publish","format-standard","has-post-thumbnail","hentry","category-neuigkeiten","wp-sticky"],"acf":[],"yoast_head":"<!-- This site is optimized with the Yoast SEO plugin v27.5 - https:\/\/yoast.com\/product\/yoast-seo-wordpress\/ -->\n<title>Privates Spa in der n\u00e4he von Mulhouse: Willkommen in La Villa K<\/title>\n<meta name=\"robots\" content=\"index, follow, max-snippet:-1, max-image-preview:large, max-video-preview:-1\" \/>\n<link rel=\"canonical\" href=\"https:\/\/www.lavillak.com\/de\/neuigkeiten\/privates-spa-in-der-naehe-von-mulhouse-willkommen-in-la-villa-k\/\" \/>\n<meta property=\"og:locale\" content=\"de_DE\" \/>\n<meta property=\"og:type\" content=\"article\" \/>\n<meta property=\"og:title\" content=\"Privates Spa in der n\u00e4he von Mulhouse: Willkommen in La Villa K\" \/>\n<meta property=\"og:description\" content=\"Das Spa des Hotels La Villa K befindet sich nur wenige Minuten von Mulhouse, in Saint-Louis. Mit dem Auto, der Bahn&#8230;. das Spa ist von jeder Stadt im Haut-Rhin aus [&hellip;]\" \/>\n<meta property=\"og:url\" content=\"https:\/\/www.lavillak.com\/de\/neuigkeiten\/privates-spa-in-der-naehe-von-mulhouse-willkommen-in-la-villa-k\/\" \/>\n<meta property=\"og:site_name\" content=\"La Villa K\" \/>\n<meta property=\"article:publisher\" content=\"https:\/\/www.facebook.com\/lavillak\/\" \/>\n<meta property=\"article:published_time\" content=\"2018-08-08T08:54:00+00:00\" \/>\n<meta property=\"article:modified_time\" content=\"2021-05-28T14:24:16+00:00\" \/>\n<meta property=\"og:image\" content=\"https:\/\/www.lavillak.com\/wp-inside\/uploads\/2021\/05\/20120217-villa-k-st-valentin-005.jpg\" \/>\n\t<meta property=\"og:image:width\" content=\"1620\" \/>\n\t<meta property=\"og:image:height\" content=\"1080\" \/>\n\t<meta property=\"og:image:type\" content=\"image\/jpeg\" \/>\n<meta name=\"author\" content=\"Premi\u00e8re Place\" \/>\n<meta name=\"twitter:card\" content=\"summary_large_image\" \/>\n<meta name=\"twitter:label1\" content=\"Verfasst von\" \/>\n\t<meta name=\"twitter:data1\" content=\"Premi\u00e8re Place\" \/>\n\t<meta name=\"twitter:label2\" content=\"Gesch\u00e4tzte Lesezeit\" \/>\n\t<meta name=\"twitter:data2\" content=\"2\u00a0Minuten\" \/>\n<script type=\"application\/ld+json\" class=\"yoast-schema-graph\">{\"@context\":\"https:\\\/\\\/schema.org\",\"@graph\":[{\"@type\":\"NewsArticle\",\"@id\":\"https:\\\/\\\/www.lavillak.com\\\/de\\\/neuigkeiten\\\/privates-spa-in-der-naehe-von-mulhouse-willkommen-in-la-villa-k\\\/#article\",\"isPartOf\":{\"@id\":\"https:\\\/\\\/www.lavillak.com\\\/de\\\/neuigkeiten\\\/privates-spa-in-der-naehe-von-mulhouse-willkommen-in-la-villa-k\\\/\"},\"author\":{\"name\":\"Premi\u00e8re Place\",\"@id\":\"https:\\\/\\\/www.lavillak.com\\\/de\\\/#\\\/schema\\\/person\\\/93fc73edf32dc09895c36035d9bb7956\"},\"headline\":\"Privates Spa in der n\u00e4he von Mulhouse: Willkommen in La Villa K\",\"datePublished\":\"2018-08-08T08:54:00+00:00\",\"dateModified\":\"2021-05-28T14:24:16+00:00\",\"mainEntityOfPage\":{\"@id\":\"https:\\\/\\\/www.lavillak.com\\\/de\\\/neuigkeiten\\\/privates-spa-in-der-naehe-von-mulhouse-willkommen-in-la-villa-k\\\/\"},\"wordCount\":367,\"publisher\":{\"@id\":\"https:\\\/\\\/www.lavillak.com\\\/de\\\/#organization\"},\"image\":{\"@id\":\"https:\\\/\\\/www.lavillak.com\\\/de\\\/neuigkeiten\\\/privates-spa-in-der-naehe-von-mulhouse-willkommen-in-la-villa-k\\\/#primaryimage\"},\"thumbnailUrl\":\"https:\\\/\\\/www.lavillak.com\\\/wp-inside\\\/uploads\\\/2021\\\/05\\\/20120217-villa-k-st-valentin-005.jpg\",\"articleSection\":[\"Neuigkeiten\"],\"inLanguage\":\"de\"},{\"@type\":\"WebPage\",\"@id\":\"https:\\\/\\\/www.lavillak.com\\\/de\\\/neuigkeiten\\\/privates-spa-in-der-naehe-von-mulhouse-willkommen-in-la-villa-k\\\/\",\"url\":\"https:\\\/\\\/www.lavillak.com\\\/de\\\/neuigkeiten\\\/privates-spa-in-der-naehe-von-mulhouse-willkommen-in-la-villa-k\\\/\",\"name\":\"Privates Spa in der n\u00e4he von Mulhouse: Willkommen in La Villa K\",\"isPartOf\":{\"@id\":\"https:\\\/\\\/www.lavillak.com\\\/de\\\/#website\"},\"primaryImageOfPage\":{\"@id\":\"https:\\\/\\\/www.lavillak.com\\\/de\\\/neuigkeiten\\\/privates-spa-in-der-naehe-von-mulhouse-willkommen-in-la-villa-k\\\/#primaryimage\"},\"image\":{\"@id\":\"https:\\\/\\\/www.lavillak.com\\\/de\\\/neuigkeiten\\\/privates-spa-in-der-naehe-von-mulhouse-willkommen-in-la-villa-k\\\/#primaryimage\"},\"thumbnailUrl\":\"https:\\\/\\\/www.lavillak.com\\\/wp-inside\\\/uploads\\\/2021\\\/05\\\/20120217-villa-k-st-valentin-005.jpg\",\"datePublished\":\"2018-08-08T08:54:00+00:00\",\"dateModified\":\"2021-05-28T14:24:16+00:00\",\"breadcrumb\":{\"@id\":\"https:\\\/\\\/www.lavillak.com\\\/de\\\/neuigkeiten\\\/privates-spa-in-der-naehe-von-mulhouse-willkommen-in-la-villa-k\\\/#breadcrumb\"},\"inLanguage\":\"de\",\"potentialAction\":[{\"@type\":\"ReadAction\",\"target\":[\"https:\\\/\\\/www.lavillak.com\\\/de\\\/neuigkeiten\\\/privates-spa-in-der-naehe-von-mulhouse-willkommen-in-la-villa-k\\\/\"]}]},{\"@type\":\"ImageObject\",\"inLanguage\":\"de\",\"@id\":\"https:\\\/\\\/www.lavillak.com\\\/de\\\/neuigkeiten\\\/privates-spa-in-der-naehe-von-mulhouse-willkommen-in-la-villa-k\\\/#primaryimage\",\"url\":\"https:\\\/\\\/www.lavillak.com\\\/wp-inside\\\/uploads\\\/2021\\\/05\\\/20120217-villa-k-st-valentin-005.jpg\",\"contentUrl\":\"https:\\\/\\\/www.lavillak.com\\\/wp-inside\\\/uploads\\\/2021\\\/05\\\/20120217-villa-k-st-valentin-005.jpg\",\"width\":1620,\"height\":1080,\"caption\":\"spa mulhouse romantique\"},{\"@type\":\"BreadcrumbList\",\"@id\":\"https:\\\/\\\/www.lavillak.com\\\/de\\\/neuigkeiten\\\/privates-spa-in-der-naehe-von-mulhouse-willkommen-in-la-villa-k\\\/#breadcrumb\",\"itemListElement\":[{\"@type\":\"ListItem\",\"position\":1,\"name\":\"Home\",\"item\":\"https:\\\/\\\/www.lavillak.com\\\/de\\\/\"},{\"@type\":\"ListItem\",\"position\":2,\"name\":\"Neuigkeiten\",\"item\":\"https:\\\/\\\/www.lavillak.com\\\/de\\\/neuigkeiten\\\/\"},{\"@type\":\"ListItem\",\"position\":3,\"name\":\"Privates Spa in der n\u00e4he von Mulhouse&#160;: Willkommen in La Villa K\"}]},{\"@type\":\"WebSite\",\"@id\":\"https:\\\/\\\/www.lavillak.com\\\/de\\\/#website\",\"url\":\"https:\\\/\\\/www.lavillak.com\\\/de\\\/\",\"name\":\"La Villa K\",\"description\":\"H\u00f4tel Spa Restaurant 4 \u00e9toiles\",\"publisher\":{\"@id\":\"https:\\\/\\\/www.lavillak.com\\\/de\\\/#organization\"},\"potentialAction\":[{\"@type\":\"SearchAction\",\"target\":{\"@type\":\"EntryPoint\",\"urlTemplate\":\"https:\\\/\\\/www.lavillak.com\\\/de\\\/?s={search_term_string}\"},\"query-input\":{\"@type\":\"PropertyValueSpecification\",\"valueRequired\":true,\"valueName\":\"search_term_string\"}}],\"inLanguage\":\"de\"},{\"@type\":\"Organization\",\"@id\":\"https:\\\/\\\/www.lavillak.com\\\/de\\\/#organization\",\"name\":\"La Villa K\",\"url\":\"https:\\\/\\\/www.lavillak.com\\\/de\\\/\",\"logo\":{\"@type\":\"ImageObject\",\"inLanguage\":\"de\",\"@id\":\"https:\\\/\\\/www.lavillak.com\\\/de\\\/#\\\/schema\\\/logo\\\/image\\\/\",\"url\":\"https:\\\/\\\/www.lavillak.com\\\/wp-inside\\\/uploads\\\/2021\\\/05\\\/logo-hotel-lavillak-230x144_2x.png\",\"contentUrl\":\"https:\\\/\\\/www.lavillak.com\\\/wp-inside\\\/uploads\\\/2021\\\/05\\\/logo-hotel-lavillak-230x144_2x.png\",\"width\":460,\"height\":288,\"caption\":\"La Villa K\"},\"image\":{\"@id\":\"https:\\\/\\\/www.lavillak.com\\\/de\\\/#\\\/schema\\\/logo\\\/image\\\/\"},\"sameAs\":[\"https:\\\/\\\/www.facebook.com\\\/lavillak\\\/\",\"https:\\\/\\\/www.instagram.com\\\/hotellavillak\\\/\",\"https:\\\/\\\/fr.pinterest.com\\\/hotellavillaket\\\/\"]},{\"@type\":\"Person\",\"@id\":\"https:\\\/\\\/www.lavillak.com\\\/de\\\/#\\\/schema\\\/person\\\/93fc73edf32dc09895c36035d9bb7956\",\"name\":\"Premi\u00e8re Place\",\"image\":{\"@type\":\"ImageObject\",\"inLanguage\":\"de\",\"@id\":\"https:\\\/\\\/secure.gravatar.com\\\/avatar\\\/5091af20ac2a44cb521992f13fec8a09deb308a5b721983dec39b595a5302c6a?s=96&d=mm&r=g\",\"url\":\"https:\\\/\\\/secure.gravatar.com\\\/avatar\\\/5091af20ac2a44cb521992f13fec8a09deb308a5b721983dec39b595a5302c6a?s=96&d=mm&r=g\",\"contentUrl\":\"https:\\\/\\\/secure.gravatar.com\\\/avatar\\\/5091af20ac2a44cb521992f13fec8a09deb308a5b721983dec39b595a5302c6a?s=96&d=mm&r=g\",\"caption\":\"Premi\u00e8re Place\"}}]}<\/script>\n<!-- \/ Yoast SEO plugin. -->","yoast_head_json":{"title":"Privates Spa in der n\u00e4he von Mulhouse: Willkommen in La Villa K","robots":{"index":"index","follow":"follow","max-snippet":"max-snippet:-1","max-image-preview":"max-image-preview:large","max-video-preview":"max-video-preview:-1"},"canonical":"https:\/\/www.lavillak.com\/de\/neuigkeiten\/privates-spa-in-der-naehe-von-mulhouse-willkommen-in-la-villa-k\/","og_locale":"de_DE","og_type":"article","og_title":"Privates Spa in der n\u00e4he von Mulhouse: Willkommen in La Villa K","og_description":"Das Spa des Hotels La Villa K befindet sich nur wenige Minuten von Mulhouse, in Saint-Louis. Mit dem Auto, der Bahn&#8230;. das Spa ist von jeder Stadt im Haut-Rhin aus [&hellip;]","og_url":"https:\/\/www.lavillak.com\/de\/neuigkeiten\/privates-spa-in-der-naehe-von-mulhouse-willkommen-in-la-villa-k\/","og_site_name":"La Villa K","article_publisher":"https:\/\/www.facebook.com\/lavillak\/","article_published_time":"2018-08-08T08:54:00+00:00","article_modified_time":"2021-05-28T14:24:16+00:00","og_image":[{"width":1620,"height":1080,"url":"https:\/\/www.lavillak.com\/wp-inside\/uploads\/2021\/05\/20120217-villa-k-st-valentin-005.jpg","type":"image\/jpeg"}],"author":"Premi\u00e8re Place","twitter_card":"summary_large_image","twitter_misc":{"Verfasst von":"Premi\u00e8re Place","Gesch\u00e4tzte Lesezeit":"2\u00a0Minuten"},"schema":{"@context":"https:\/\/schema.org","@graph":[{"@type":"NewsArticle","@id":"https:\/\/www.lavillak.com\/de\/neuigkeiten\/privates-spa-in-der-naehe-von-mulhouse-willkommen-in-la-villa-k\/#article","isPartOf":{"@id":"https:\/\/www.lavillak.com\/de\/neuigkeiten\/privates-spa-in-der-naehe-von-mulhouse-willkommen-in-la-villa-k\/"},"author":{"name":"Premi\u00e8re Place","@id":"https:\/\/www.lavillak.com\/de\/#\/schema\/person\/93fc73edf32dc09895c36035d9bb7956"},"headline":"Privates Spa in der n\u00e4he von Mulhouse: Willkommen in La Villa K","datePublished":"2018-08-08T08:54:00+00:00","dateModified":"2021-05-28T14:24:16+00:00","mainEntityOfPage":{"@id":"https:\/\/www.lavillak.com\/de\/neuigkeiten\/privates-spa-in-der-naehe-von-mulhouse-willkommen-in-la-villa-k\/"},"wordCount":367,"publisher":{"@id":"https:\/\/www.lavillak.com\/de\/#organization"},"image":{"@id":"https:\/\/www.lavillak.com\/de\/neuigkeiten\/privates-spa-in-der-naehe-von-mulhouse-willkommen-in-la-villa-k\/#primaryimage"},"thumbnailUrl":"https:\/\/www.lavillak.com\/wp-inside\/uploads\/2021\/05\/20120217-villa-k-st-valentin-005.jpg","articleSection":["Neuigkeiten"],"inLanguage":"de"},{"@type":"WebPage","@id":"https:\/\/www.lavillak.com\/de\/neuigkeiten\/privates-spa-in-der-naehe-von-mulhouse-willkommen-in-la-villa-k\/","url":"https:\/\/www.lavillak.com\/de\/neuigkeiten\/privates-spa-in-der-naehe-von-mulhouse-willkommen-in-la-villa-k\/","name":"Privates Spa in der n\u00e4he von Mulhouse: Willkommen in La Villa K","isPartOf":{"@id":"https:\/\/www.lavillak.com\/de\/#website"},"primaryImageOfPage":{"@id":"https:\/\/www.lavillak.com\/de\/neuigkeiten\/privates-spa-in-der-naehe-von-mulhouse-willkommen-in-la-villa-k\/#primaryimage"},"image":{"@id":"https:\/\/www.lavillak.com\/de\/neuigkeiten\/privates-spa-in-der-naehe-von-mulhouse-willkommen-in-la-villa-k\/#primaryimage"},"thumbnailUrl":"https:\/\/www.lavillak.com\/wp-inside\/uploads\/2021\/05\/20120217-villa-k-st-valentin-005.jpg","datePublished":"2018-08-08T08:54:00+00:00","dateModified":"2021-05-28T14:24:16+00:00","breadcrumb":{"@id":"https:\/\/www.lavillak.com\/de\/neuigkeiten\/privates-spa-in-der-naehe-von-mulhouse-willkommen-in-la-villa-k\/#breadcrumb"},"inLanguage":"de","potentialAction":[{"@type":"ReadAction","target":["https:\/\/www.lavillak.com\/de\/neuigkeiten\/privates-spa-in-der-naehe-von-mulhouse-willkommen-in-la-villa-k\/"]}]},{"@type":"ImageObject","inLanguage":"de","@id":"https:\/\/www.lavillak.com\/de\/neuigkeiten\/privates-spa-in-der-naehe-von-mulhouse-willkommen-in-la-villa-k\/#primaryimage","url":"https:\/\/www.lavillak.com\/wp-inside\/uploads\/2021\/05\/20120217-villa-k-st-valentin-005.jpg","contentUrl":"https:\/\/www.lavillak.com\/wp-inside\/uploads\/2021\/05\/20120217-villa-k-st-valentin-005.jpg","width":1620,"height":1080,"caption":"spa mulhouse romantique"},{"@type":"BreadcrumbList","@id":"https:\/\/www.lavillak.com\/de\/neuigkeiten\/privates-spa-in-der-naehe-von-mulhouse-willkommen-in-la-villa-k\/#breadcrumb","itemListElement":[{"@type":"ListItem","position":1,"name":"Home","item":"https:\/\/www.lavillak.com\/de\/"},{"@type":"ListItem","position":2,"name":"Neuigkeiten","item":"https:\/\/www.lavillak.com\/de\/neuigkeiten\/"},{"@type":"ListItem","position":3,"name":"Privates Spa in der n\u00e4he von Mulhouse&#160;: Willkommen in La Villa K"}]},{"@type":"WebSite","@id":"https:\/\/www.lavillak.com\/de\/#website","url":"https:\/\/www.lavillak.com\/de\/","name":"La Villa K","description":"H\u00f4tel Spa Restaurant 4 \u00e9toiles","publisher":{"@id":"https:\/\/www.lavillak.com\/de\/#organization"},"potentialAction":[{"@type":"SearchAction","target":{"@type":"EntryPoint","urlTemplate":"https:\/\/www.lavillak.com\/de\/?s={search_term_string}"},"query-input":{"@type":"PropertyValueSpecification","valueRequired":true,"valueName":"search_term_string"}}],"inLanguage":"de"},{"@type":"Organization","@id":"https:\/\/www.lavillak.com\/de\/#organization","name":"La Villa K","url":"https:\/\/www.lavillak.com\/de\/","logo":{"@type":"ImageObject","inLanguage":"de","@id":"https:\/\/www.lavillak.com\/de\/#\/schema\/logo\/image\/","url":"https:\/\/www.lavillak.com\/wp-inside\/uploads\/2021\/05\/logo-hotel-lavillak-230x144_2x.png","contentUrl":"https:\/\/www.lavillak.com\/wp-inside\/uploads\/2021\/05\/logo-hotel-lavillak-230x144_2x.png","width":460,"height":288,"caption":"La Villa K"},"image":{"@id":"https:\/\/www.lavillak.com\/de\/#\/schema\/logo\/image\/"},"sameAs":["https:\/\/www.facebook.com\/lavillak\/","https:\/\/www.instagram.com\/hotellavillak\/","https:\/\/fr.pinterest.com\/hotellavillaket\/"]},{"@type":"Person","@id":"https:\/\/www.lavillak.com\/de\/#\/schema\/person\/93fc73edf32dc09895c36035d9bb7956","name":"Premi\u00e8re Place","image":{"@type":"ImageObject","inLanguage":"de","@id":"https:\/\/secure.gravatar.com\/avatar\/5091af20ac2a44cb521992f13fec8a09deb308a5b721983dec39b595a5302c6a?s=96&d=mm&r=g","url":"https:\/\/secure.gravatar.com\/avatar\/5091af20ac2a44cb521992f13fec8a09deb308a5b721983dec39b595a5302c6a?s=96&d=mm&r=g","contentUrl":"https:\/\/secure.gravatar.com\/avatar\/5091af20ac2a44cb521992f13fec8a09deb308a5b721983dec39b595a5302c6a?s=96&d=mm&r=g","caption":"Premi\u00e8re Place"}}]}},"_links":{"self":[{"href":"https:\/\/www.lavillak.com\/de\/wp-json\/wp\/v2\/posts\/15192","targetHints":{"allow":["GET"]}}],"collection":[{"href":"https:\/\/www.lavillak.com\/de\/wp-json\/wp\/v2\/posts"}],"about":[{"href":"https:\/\/www.lavillak.com\/de\/wp-json\/wp\/v2\/types\/post"}],"author":[{"embeddable":true,"href":"https:\/\/www.lavillak.com\/de\/wp-json\/wp\/v2\/users\/3"}],"replies":[{"embeddable":true,"href":"https:\/\/www.lavillak.com\/de\/wp-json\/wp\/v2\/comments?post=15192"}],"version-history":[{"count":2,"href":"https:\/\/www.lavillak.com\/de\/wp-json\/wp\/v2\/posts\/15192\/revisions"}],"predecessor-version":[{"id":16377,"href":"https:\/\/www.lavillak.com\/de\/wp-json\/wp\/v2\/posts\/15192\/revisions\/16377"}],"wp:featuredmedia":[{"embeddable":true,"href":"https:\/\/www.lavillak.com\/de\/wp-json\/wp\/v2\/media\/10875"}],"wp:attachment":[{"href":"https:\/\/www.lavillak.com\/de\/wp-json\/wp\/v2\/media?parent=15192"}],"wp:term":[{"taxonomy":"category","embeddable":true,"href":"https:\/\/www.lavillak.com\/de\/wp-json\/wp\/v2\/categories?post=15192"},{"taxonomy":"post_tag","embeddable":true,"href":"https:\/\/www.lavillak.com\/de\/wp-json\/wp\/v2\/tags?post=15192"}],"curies":[{"name":"wp","href":"https:\/\/api.w.org\/{rel}","templated":true}]}}